{"id":1004,"date":"2017-07-13T22:03:44","date_gmt":"2017-07-13T20:03:44","guid":{"rendered":"http:\/\/www.ifm-motorsport.de\/start\/?p=1004"},"modified":"2017-07-23T18:11:28","modified_gmt":"2017-07-23T16:11:28","slug":"46-osterburgrallye-17-06-2017","status":"publish","type":"post","link":"https:\/\/www.ifm-motorsport.de\/start\/46-osterburgrallye-17-06-2017\/","title":{"rendered":"46. Osterburgrallye 17.06.2017"},"content":{"rendered":"<p style=\"text-align: justify;\">Zur diesj\u00e4hrigen Osterburgrallye lieferten wir uns einen tollen Kampf mit dem h\u00e4rtesten Gegner, auf den wir seit langem getroffen sind.<\/p>\n<p style=\"text-align: justify;\">Im Ziel lagen wir in reiner Fahrzeit gemessen zun\u00e4chst mit 14 Sekunden Vorsprung auf Platz 1 in unserer Klasse. Allerdings bekamen wir f\u00fcr das Ber\u00fchren eines Bakenfu\u00dfes in einer Schikane auf der zweiten Wertungspr\u00fcfung 30 Strafsekunden aufgebrummt, was uns dann auf den 2. Platz zur\u00fcckfallen lie\u00df.<\/p>\n<p style=\"text-align: justify;\">Die Tatsache, dass der Bakenfu\u00df dort h\u00e4tte garnicht stehen d\u00fcrfen, die Schikane nicht regelkonform &#8211; sondern knapp 2 Meter (!) zu eng war, sodass fast alle Fahrzeuge nur mit Ber\u00fchrung durch kamen, von denen wiederum nur ein Teil eine Zeitstrafe bekam &#8211; all das f\u00fchrte im Nachgang der Rallye noch zu gro\u00dfer Verwunderung und heftigen Diskussionen.<\/p>\n<p style=\"text-align: justify;\">Der Rallyeleiter und der Automobilsportkoordinator des DMSB kamen einige Tage sp\u00e4ter zu dem Schluss, dass die Zeitstrafen zu entfernen sind und das Ergebnis zu korrigieren ist. Der Sportkommissar allerdings nicht. Ohne Begr\u00fcndung lehnte er dies ab.<\/p>\n<p style=\"text-align: justify;\">Auch wenn ein 2. Platz nat\u00fcrlich ebenfalls ein gutes Ergebnis ist, so ist es doch schade wenn man wei\u00df, dass es eigentlich der 1. gewesen w\u00e4re. Zumal uns diese Benachteiligung nun gleichzeitig auch die F\u00fchrung in der eng umk\u00e4mpften Th\u00fcringer Meisterschaft kostete.<\/p>\n<p style=\"text-align: justify;\">Auch wenn die Osterburg-Rallye 2017 also aus sportlicher Sicht fragw\u00fcrdig war, so war es ansonsten eine sehr gut organisierte Veranstaltung, mit sch\u00f6nen WPs und guter Stimmung. Daf\u00fcr bedanken wir uns bei allen Verantwortlichen und deren Helfern.<\/p>\n","protected":false},"excerpt":{"rendered":"<p>Zur diesj\u00e4hrigen Osterburgrallye lieferten wir uns einen tollen Kampf mit dem h\u00e4rtesten Gegner, auf den wir seit langem getroffen sind. Im Ziel lagen wir in reiner Fahrzeit gemessen zun\u00e4chst mit 14 Sekunden Vorsprung auf Platz 1 in unserer Klasse. Allerdings bekamen wir f\u00fcr das Ber\u00fchren eines Bakenfu\u00dfes in einer Schikane auf der zweiten Wertungspr\u00fcfung 30 [&hellip;]<\/p>\n","protected":false},"author":1,"featured_media":1005,"comment_status":"closed","ping_status":"open","sticky":false,"template":"","format":"standard","meta":[],"categories":[9,6,5],"tags":[4],"yoast_head":"<!-- This site is optimized with the Yoast SEO plugin v21.8.1 - https:\/\/yoast.com\/wordpress\/plugins\/seo\/ -->\n<title>46. Osterburgrallye 17.06.2017 - IFM-Motorsport.de<\/title>\n<meta name=\"description\" content=\"nick heilborn rallye ihr-finanzfachmann.de\" \/>\n<meta name=\"robots\" content=\"index, follow, max-snippet:-1, max-image-preview:large, max-video-preview:-1\" \/>\n<link rel=\"canonical\" href=\"https:\/\/www.ifm-motorsport.de\/start\/46-osterburgrallye-17-06-2017\/\" \/>\n<meta property=\"og:locale\" content=\"de_DE\" \/>\n<meta property=\"og:type\" content=\"article\" \/>\n<meta property=\"og:title\" content=\"46. Osterburgrallye 17.06.2017 - IFM-Motorsport.de\" \/>\n<meta property=\"og:description\" content=\"nick heilborn rallye ihr-finanzfachmann.de\" \/>\n<meta property=\"og:url\" content=\"https:\/\/www.ifm-motorsport.de\/start\/46-osterburgrallye-17-06-2017\/\" \/>\n<meta property=\"og:site_name\" content=\"IFM-Motorsport.de\" \/>\n<meta property=\"article:publisher\" content=\"https:\/\/www.facebook.com\/Vermoegensberatung.Hermsdorf\" \/>\n<meta property=\"article:published_time\" content=\"2017-07-13T20:03:44+00:00\" \/>\n<meta property=\"article:modified_time\" content=\"2017-07-23T16:11:28+00:00\" \/>\n<meta property=\"og:image\" content=\"https:\/\/www.ifm-motorsport.de\/start\/wp-content\/uploads\/2017\/07\/IMG_2648-RallyefokusDE-e1499976325380.jpg\" \/>\n\t<meta property=\"og:image:width\" content=\"2400\" \/>\n\t<meta property=\"og:image:height\" content=\"1600\" \/>\n\t<meta property=\"og:image:type\" content=\"image\/jpeg\" \/>\n<meta name=\"author\" content=\"admin\" \/>\n<meta name=\"twitter:card\" content=\"summary_large_image\" \/>\n<meta name=\"twitter:label1\" content=\"Verfasst von\" \/>\n\t<meta name=\"twitter:data1\" content=\"admin\" \/>\n\t<meta name=\"twitter:label2\" content=\"Gesch\u00e4tzte Lesezeit\" \/>\n\t<meta name=\"twitter:data2\" content=\"1\u00a0Minute\" \/>\n<script type=\"application\/ld+json\" class=\"yoast-schema-graph\">{\"@context\":\"https:\/\/schema.org\",\"@graph\":[{\"@type\":\"WebPage\",\"@id\":\"https:\/\/www.ifm-motorsport.de\/start\/46-osterburgrallye-17-06-2017\/\",\"url\":\"https:\/\/www.ifm-motorsport.de\/start\/46-osterburgrallye-17-06-2017\/\",\"name\":\"46. Osterburgrallye 17.06.2017 - IFM-Motorsport.de\",\"isPartOf\":{\"@id\":\"https:\/\/www.ifm-motorsport.de\/start\/#website\"},\"datePublished\":\"2017-07-13T20:03:44+00:00\",\"dateModified\":\"2017-07-23T16:11:28+00:00\",\"author\":{\"@id\":\"https:\/\/www.ifm-motorsport.de\/start\/#\/schema\/person\/eff8cb1eeb947fc2be384f468211b0fb\"},\"description\":\"nick heilborn rallye ihr-finanzfachmann.de\",\"breadcrumb\":{\"@id\":\"https:\/\/www.ifm-motorsport.de\/start\/46-osterburgrallye-17-06-2017\/#breadcrumb\"},\"inLanguage\":\"de\",\"potentialAction\":[{\"@type\":\"ReadAction\",\"target\":[\"https:\/\/www.ifm-motorsport.de\/start\/46-osterburgrallye-17-06-2017\/\"]}]},{\"@type\":\"BreadcrumbList\",\"@id\":\"https:\/\/www.ifm-motorsport.de\/start\/46-osterburgrallye-17-06-2017\/#breadcrumb\",\"itemListElement\":[{\"@type\":\"ListItem\",\"position\":1,\"name\":\"Home\",\"item\":\"https:\/\/www.ifm-motorsport.de\/start\/\"},{\"@type\":\"ListItem\",\"position\":2,\"name\":\"46. Osterburgrallye 17.06.2017\"}]},{\"@type\":\"WebSite\",\"@id\":\"https:\/\/www.ifm-motorsport.de\/start\/#website\",\"url\":\"https:\/\/www.ifm-motorsport.de\/start\/\",\"name\":\"IFM-Motorsport.de\",\"description\":\"\",\"potentialAction\":[{\"@type\":\"SearchAction\",\"target\":{\"@type\":\"EntryPoint\",\"urlTemplate\":\"https:\/\/www.ifm-motorsport.de\/start\/?s={search_term_string}\"},\"query-input\":\"required name=search_term_string\"}],\"inLanguage\":\"de\"},{\"@type\":\"Person\",\"@id\":\"https:\/\/www.ifm-motorsport.de\/start\/#\/schema\/person\/eff8cb1eeb947fc2be384f468211b0fb\",\"name\":\"admin\",\"image\":{\"@type\":\"ImageObject\",\"inLanguage\":\"de\",\"@id\":\"https:\/\/www.ifm-motorsport.de\/start\/#\/schema\/person\/image\/\",\"url\":\"https:\/\/secure.gravatar.com\/avatar\/d2e5ceb10b271dc096153cf6d0afa206?s=96&d=mm&r=g\",\"contentUrl\":\"https:\/\/secure.gravatar.com\/avatar\/d2e5ceb10b271dc096153cf6d0afa206?s=96&d=mm&r=g\",\"caption\":\"admin\"},\"url\":\"https:\/\/www.ifm-motorsport.de\/start\/author\/admin\/\"}]}<\/script>\n<!-- \/ Yoast SEO plugin. -->","yoast_head_json":{"title":"46. Osterburgrallye 17.06.2017 - IFM-Motorsport.de","description":"nick heilborn rallye ihr-finanzfachmann.de","robots":{"index":"index","follow":"follow","max-snippet":"max-snippet:-1","max-image-preview":"max-image-preview:large","max-video-preview":"max-video-preview:-1"},"canonical":"https:\/\/www.ifm-motorsport.de\/start\/46-osterburgrallye-17-06-2017\/","og_locale":"de_DE","og_type":"article","og_title":"46. Osterburgrallye 17.06.2017 - IFM-Motorsport.de","og_description":"nick heilborn rallye ihr-finanzfachmann.de","og_url":"https:\/\/www.ifm-motorsport.de\/start\/46-osterburgrallye-17-06-2017\/","og_site_name":"IFM-Motorsport.de","article_publisher":"https:\/\/www.facebook.com\/Vermoegensberatung.Hermsdorf","article_published_time":"2017-07-13T20:03:44+00:00","article_modified_time":"2017-07-23T16:11:28+00:00","og_image":[{"width":2400,"height":1600,"url":"https:\/\/www.ifm-motorsport.de\/start\/wp-content\/uploads\/2017\/07\/IMG_2648-RallyefokusDE-e1499976325380.jpg","type":"image\/jpeg"}],"author":"admin","twitter_card":"summary_large_image","twitter_misc":{"Verfasst von":"admin","Gesch\u00e4tzte Lesezeit":"1\u00a0Minute"},"schema":{"@context":"https:\/\/schema.org","@graph":[{"@type":"WebPage","@id":"https:\/\/www.ifm-motorsport.de\/start\/46-osterburgrallye-17-06-2017\/","url":"https:\/\/www.ifm-motorsport.de\/start\/46-osterburgrallye-17-06-2017\/","name":"46. Osterburgrallye 17.06.2017 - IFM-Motorsport.de","isPartOf":{"@id":"https:\/\/www.ifm-motorsport.de\/start\/#website"},"datePublished":"2017-07-13T20:03:44+00:00","dateModified":"2017-07-23T16:11:28+00:00","author":{"@id":"https:\/\/www.ifm-motorsport.de\/start\/#\/schema\/person\/eff8cb1eeb947fc2be384f468211b0fb"},"description":"nick heilborn rallye ihr-finanzfachmann.de","breadcrumb":{"@id":"https:\/\/www.ifm-motorsport.de\/start\/46-osterburgrallye-17-06-2017\/#breadcrumb"},"inLanguage":"de","potentialAction":[{"@type":"ReadAction","target":["https:\/\/www.ifm-motorsport.de\/start\/46-osterburgrallye-17-06-2017\/"]}]},{"@type":"BreadcrumbList","@id":"https:\/\/www.ifm-motorsport.de\/start\/46-osterburgrallye-17-06-2017\/#breadcrumb","itemListElement":[{"@type":"ListItem","position":1,"name":"Home","item":"https:\/\/www.ifm-motorsport.de\/start\/"},{"@type":"ListItem","position":2,"name":"46. Osterburgrallye 17.06.2017"}]},{"@type":"WebSite","@id":"https:\/\/www.ifm-motorsport.de\/start\/#website","url":"https:\/\/www.ifm-motorsport.de\/start\/","name":"IFM-Motorsport.de","description":"","potentialAction":[{"@type":"SearchAction","target":{"@type":"EntryPoint","urlTemplate":"https:\/\/www.ifm-motorsport.de\/start\/?s={search_term_string}"},"query-input":"required name=search_term_string"}],"inLanguage":"de"},{"@type":"Person","@id":"https:\/\/www.ifm-motorsport.de\/start\/#\/schema\/person\/eff8cb1eeb947fc2be384f468211b0fb","name":"admin","image":{"@type":"ImageObject","inLanguage":"de","@id":"https:\/\/www.ifm-motorsport.de\/start\/#\/schema\/person\/image\/","url":"https:\/\/secure.gravatar.com\/avatar\/d2e5ceb10b271dc096153cf6d0afa206?s=96&d=mm&r=g","contentUrl":"https:\/\/secure.gravatar.com\/avatar\/d2e5ceb10b271dc096153cf6d0afa206?s=96&d=mm&r=g","caption":"admin"},"url":"https:\/\/www.ifm-motorsport.de\/start\/author\/admin\/"}]}},"jetpack_featured_media_url":"https:\/\/www.ifm-motorsport.de\/start\/wp-content\/uploads\/2017\/07\/IMG_2648-RallyefokusDE-e1499976325380.jpg","jetpack_sharing_enabled":true,"_links":{"self":[{"href":"https:\/\/www.ifm-motorsport.de\/start\/wp-json\/wp\/v2\/posts\/1004"}],"collection":[{"href":"https:\/\/www.ifm-motorsport.de\/start\/wp-json\/wp\/v2\/posts"}],"about":[{"href":"https:\/\/www.ifm-motorsport.de\/start\/wp-json\/wp\/v2\/types\/post"}],"author":[{"embeddable":true,"href":"https:\/\/www.ifm-motorsport.de\/start\/wp-json\/wp\/v2\/users\/1"}],"replies":[{"embeddable":true,"href":"https:\/\/www.ifm-motorsport.de\/start\/wp-json\/wp\/v2\/comments?post=1004"}],"version-history":[{"count":4,"href":"https:\/\/www.ifm-motorsport.de\/start\/wp-json\/wp\/v2\/posts\/1004\/revisions"}],"predecessor-version":[{"id":1010,"href":"https:\/\/www.ifm-motorsport.de\/start\/wp-json\/wp\/v2\/posts\/1004\/revisions\/1010"}],"wp:featuredmedia":[{"embeddable":true,"href":"https:\/\/www.ifm-motorsport.de\/start\/wp-json\/wp\/v2\/media\/1005"}],"wp:attachment":[{"href":"https:\/\/www.ifm-motorsport.de\/start\/wp-json\/wp\/v2\/media?parent=1004"}],"wp:term":[{"taxonomy":"category","embeddable":true,"href":"https:\/\/www.ifm-motorsport.de\/start\/wp-json\/wp\/v2\/categories?post=1004"},{"taxonomy":"post_tag","embeddable":true,"href":"https:\/\/www.ifm-motorsport.de\/start\/wp-json\/wp\/v2\/tags?post=1004"}],"curies":[{"name":"wp","href":"https:\/\/api.w.org\/{rel}","templated":true}]}}