{"id":1110,"date":"2017-09-06T19:32:05","date_gmt":"2017-09-06T17:32:05","guid":{"rendered":"http:\/\/www.ifm-motorsport.de\/start\/?p=1110"},"modified":"2017-09-06T20:33:55","modified_gmt":"2017-09-06T18:33:55","slug":"15-janinas-wendemark-rallye-26-08-2017","status":"publish","type":"post","link":"https:\/\/www.ifm-motorsport.de\/start\/15-janinas-wendemark-rallye-26-08-2017\/","title":{"rendered":"15. Janinas-Wedemark-Rallye 26.08.2017"},"content":{"rendered":"<p>3. in der Klasse, 12. im Gesamtklassement. Und heilfroh, \u00fcberhaupt durchgekommen zu sein!<\/p>\n<p>In Wedemark sind die Wege hart!<\/p>\n<p style=\"text-align: justify;\">Niemand hat erwartet, dass die Wedemark-Rallye ein Klostersch\u00fclerinnenpicknick wird&#8230; Aber dass uns schon auf WP1 die ersten Teile durchs Auto fliegen und man ab WP2 sogar dachte, man w\u00e4re beim letzten Sprung bewusstlos geworden und mitten auf der Rallye-Dakar wieder aufgewacht, h\u00e4tten wir uns im Vorfeld so wirklich nicht ausgemalt.<\/p>\n<p style=\"text-align: justify;\">Starker Regen im Vorfeld der Rallye, hatte die Strecken erst in Schlamm- und anschlie\u00dfend in extrem wellige Treibsandw\u00fcsten verwandelt.<\/p>\n<p style=\"text-align: justify;\">So fuhren wir also auf unseren leider zu gering\u00a0profilierten Reifen von Beginn an sehr defensiv und mussten selbst dieses langsame Tempo noch sukzessive immer weiter reduzieren, als ab Ende der WP3 polternde Ger\u00e4usche im Bereich der Hinterachse zu h\u00f6ren waren. Denn ins Ziel kommen war unsere oberste Priorit\u00e4t!<\/p>\n<p style=\"text-align: justify;\">Eine Schrecksekunde nach WP4 entpuppte sich dann zum Gl\u00fcck nur als kleiner Scherz des Schicksals: Das hinter der Sto\u00dfstange auslaufende Wasser kam zum Gl\u00fcck nicht vom K\u00fchler, sondern vom aus der Verankerung gerissenen Wischwasserbeh\u00e4lter. Ok, durchatmen, weg mit dem Teil und weiter gings.<\/p>\n<p style=\"text-align: justify;\">Dass wir in jeder zweiten Kurve irgendwelche abgerissenen Karosserieteile umfahren mussten, daran hatten wir uns inzwischen schon gew\u00f6hnt. Aber als wir inmitten der 7 (!) auf WP5 gestrandeten Fahrzeuge sogar 2 VOLVOS entdeckten, fuhr uns dann doch der Schrecken in die Glieder: Wenn also schon die eigentlich unverw\u00fcstlichen Schweden-Kolosse zerbrechen, dann kann die Grenze der Belastbarkeit\u00a0auch f\u00fcr unseren M3 nicht mehr weit sein, dachten wir uns.<\/p>\n<p style=\"text-align: justify;\">Wohlwissend, dass wir den 2. Platz in der Klasse bei noch mehr Bummelei verlieren w\u00fcrden, gingen wir also trotzdem weiter vom Gas, behandelten den Antriebsstrang liebevoll und befuhren die letzte WP dann sogar durchgehend gem\u00fctlich mit Warnblinkanlage.<\/p>\n<p style=\"text-align: justify;\">F\u00fcr den erfahrenen\u00a0Co <a href=\"https:\/\/www.facebook.com\/HerzigDaniel?fref=mentions\">Daniel Herzig<\/a>, welcher den verhinderten Stamm-Co Benjamin Melde ersetzte, war so eine Entschleunigung sicher eine ganz neue Erfahrung, aber Entspannung soll ja bekanntlich auch gut f\u00fcr K\u00f6rper und Geist sein\u2026 Zudem hat es &#8211; man mag es kaum glauben- auch im Cruising-Tempo noch mehr gesch\u00fcttelt und hart durchgeschlagen, als anderorts bei voller Fahrt, wie Daniel kopfsch\u00fcttelnd best\u00e4tigte.<\/p>\n<p style=\"text-align: justify;\">Mit unserem erreichten 3. Platz sind wir deshalb sehr zufrieden und freuen uns, dass wir das Auto halbwegs an einem St\u00fcck ins Ziel gebracht haben, sodass wir zur Rallye-Gr\u00fcnhain am kommenden WE starten k\u00f6nnen.\u00a0Diesmal dann jeder wieder in seiner Stamm-Besetzung.<\/p>\n<p style=\"text-align: justify;\">Ich danke Daniel f\u00fcrs Einspringen und den top gemachten Job, sowie den Mechanikern\u00a0von <a href=\"http:\/\/www.hampl-motors.de\">HAMPL MOTORS<\/a>, dass sie das Auto nun innerhalb einer Woche wieder zusammenflicken.<\/p>\n<p>Beitragsbild: Stephan Gorlt<\/p>\n<p>&nbsp;<\/p>\n<p><a href=\"http:\/\/www.ifm-motorsport.de\/start\/wp-content\/uploads\/2017\/09\/1-1073.jpg\" target=\"_blank\" rel=\"noopener noreferrer\"><img data-attachment-id=\"1116\" data-permalink=\"https:\/\/www.ifm-motorsport.de\/start\/15-janinas-wendemark-rallye-26-08-2017\/1-1073\/\" data-orig-file=\"https:\/\/www.ifm-motorsport.de\/start\/wp-content\/uploads\/2017\/09\/1-1073-e1504719555871.jpg\" data-orig-size=\"2400,1600\" data-comments-opened=\"0\" data-image-meta=\"{&quot;aperture&quot;:&quot;4.5&quot;,&quot;credit&quot;:&quot;St.Gorlt&quot;,&quot;camera&quot;:&quot;Canon EOS 7D&quot;,&quot;caption&quot;:&quot;&quot;,&quot;created_timestamp&quot;:&quot;1503767083&quot;,&quot;copyright&quot;:&quot;St.Gorlt&quot;,&quot;focal_length&quot;:&quot;59&quot;,&quot;iso&quot;:&quot;200&quot;,&quot;shutter_speed&quot;:&quot;0.0015625&quot;,&quot;title&quot;:&quot;&quot;,&quot;orientation&quot;:&quot;0&quot;}\" data-image-title=\"Wedemark-Rallye 2017 Heilborn-Melde BMW M3\" data-image-description=\"&lt;p&gt;Wedemark-Rallye 2017 Heilborn-Melde BMW M3&lt;\/p&gt;\n\" data-image-caption=\"\" data-medium-file=\"https:\/\/www.ifm-motorsport.de\/start\/wp-content\/uploads\/2017\/09\/1-1073-300x200.jpg\" data-large-file=\"https:\/\/www.ifm-motorsport.de\/start\/wp-content\/uploads\/2017\/09\/1-1073-1024x683.jpg\" decoding=\"async\" loading=\"lazy\" class=\"alignnone wp-image-1116 size-large\" src=\"http:\/\/www.ifm-motorsport.de\/start\/wp-content\/uploads\/2017\/09\/1-1073-1024x683.jpg\" alt=\"Wedemark-Rallye 2017 Heilborn-Melde BMW M3\" width=\"640\" height=\"427\" \/><\/a><\/p>\n<p><a href=\"http:\/\/www.ifm-motorsport.de\/start\/wp-content\/uploads\/2017\/09\/1-1075.jpg\" target=\"_blank\" rel=\"noopener noreferrer\"><img data-attachment-id=\"1118\" data-permalink=\"https:\/\/www.ifm-motorsport.de\/start\/15-janinas-wendemark-rallye-26-08-2017\/1-1075\/\" data-orig-file=\"https:\/\/www.ifm-motorsport.de\/start\/wp-content\/uploads\/2017\/09\/1-1075-e1504719575407.jpg\" data-orig-size=\"2400,1600\" data-comments-opened=\"0\" data-image-meta=\"{&quot;aperture&quot;:&quot;4.5&quot;,&quot;credit&quot;:&quot;St.Gorlt&quot;,&quot;camera&quot;:&quot;Canon EOS 7D&quot;,&quot;caption&quot;:&quot;&quot;,&quot;created_timestamp&quot;:&quot;1503767084&quot;,&quot;copyright&quot;:&quot;St.Gorlt&quot;,&quot;focal_length&quot;:&quot;50&quot;,&quot;iso&quot;:&quot;200&quot;,&quot;shutter_speed&quot;:&quot;0.0015625&quot;,&quot;title&quot;:&quot;&quot;,&quot;orientation&quot;:&quot;0&quot;}\" data-image-title=\"Wedemark-Rallye 2017 Heilborn-Melde BMW M3\" data-image-description=\"&lt;p&gt;Wedemark-Rallye 2017 Heilborn-Melde BMW M3&lt;\/p&gt;\n\" data-image-caption=\"\" data-medium-file=\"https:\/\/www.ifm-motorsport.de\/start\/wp-content\/uploads\/2017\/09\/1-1075-300x200.jpg\" data-large-file=\"https:\/\/www.ifm-motorsport.de\/start\/wp-content\/uploads\/2017\/09\/1-1075-1024x683.jpg\" decoding=\"async\" loading=\"lazy\" class=\"alignnone wp-image-1118 size-large\" src=\"http:\/\/www.ifm-motorsport.de\/start\/wp-content\/uploads\/2017\/09\/1-1075-1024x683.jpg\" alt=\"Wedemark-Rallye 2017 Heilborn-Melde BMW M3\" width=\"640\" height=\"427\" \/><\/a><\/p>\n<p><a href=\"http:\/\/www.ifm-motorsport.de\/start\/wp-content\/uploads\/2017\/09\/21270970_1514587228589848_4208625335777041338_n.jpg\" target=\"_blank\" rel=\"noopener noreferrer\"><img data-attachment-id=\"1153\" data-permalink=\"https:\/\/www.ifm-motorsport.de\/start\/15-janinas-wendemark-rallye-26-08-2017\/21270970_1514587228589848_4208625335777041338_n\/\" data-orig-file=\"https:\/\/www.ifm-motorsport.de\/start\/wp-content\/uploads\/2017\/09\/21270970_1514587228589848_4208625335777041338_n.jpg\" data-orig-size=\"960,629\" data-comments-opened=\"0\" data-image-meta=\"{&quot;aperture&quot;:&quot;0&quot;,&quot;credit&quot;:&quot;&quot;,&quot;camera&quot;:&quot;&quot;,&quot;caption&quot;:&quot;&quot;,&quot;created_timestamp&quot;:&quot;0&quot;,&quot;copyright&quot;:&quot;&quot;,&quot;focal_length&quot;:&quot;0&quot;,&quot;iso&quot;:&quot;0&quot;,&quot;shutter_speed&quot;:&quot;0&quot;,&quot;title&quot;:&quot;&quot;,&quot;orientation&quot;:&quot;0&quot;}\" data-image-title=\"Wedemark-Rallye 2017 Heilborn-Melde BMW M3\" data-image-description=\"&lt;p&gt;Wedemark-Rallye 2017 Heilborn-Melde BMW M3&lt;\/p&gt;\n\" data-image-caption=\"\" data-medium-file=\"https:\/\/www.ifm-motorsport.de\/start\/wp-content\/uploads\/2017\/09\/21270970_1514587228589848_4208625335777041338_n-300x197.jpg\" data-large-file=\"https:\/\/www.ifm-motorsport.de\/start\/wp-content\/uploads\/2017\/09\/21270970_1514587228589848_4208625335777041338_n.jpg\" decoding=\"async\" loading=\"lazy\" class=\"alignnone wp-image-1153\" src=\"http:\/\/www.ifm-motorsport.de\/start\/wp-content\/uploads\/2017\/09\/21270970_1514587228589848_4208625335777041338_n.jpg\" alt=\"Wedemark-Rallye 2017 Heilborn-Melde BMW M3\" width=\"641\" height=\"420\" srcset=\"https:\/\/www.ifm-motorsport.de\/start\/wp-content\/uploads\/2017\/09\/21270970_1514587228589848_4208625335777041338_n.jpg 960w, https:\/\/www.ifm-motorsport.de\/start\/wp-content\/uploads\/2017\/09\/21270970_1514587228589848_4208625335777041338_n-300x197.jpg 300w, https:\/\/www.ifm-motorsport.de\/start\/wp-content\/uploads\/2017\/09\/21270970_1514587228589848_4208625335777041338_n-768x503.jpg 768w, https:\/\/www.ifm-motorsport.de\/start\/wp-content\/uploads\/2017\/09\/21270970_1514587228589848_4208625335777041338_n-640x419.jpg 640w\" sizes=\"(max-width: 641px) 100vw, 641px\" \/><\/a><\/p>\n<p><a href=\"http:\/\/www.ifm-motorsport.de\/start\/wp-content\/uploads\/2017\/09\/21125786_1890650404531505_6423721051988086439_o.jpg\" target=\"_blank\" rel=\"noopener noreferrer\"><img data-attachment-id=\"1119\" data-permalink=\"https:\/\/www.ifm-motorsport.de\/start\/15-janinas-wendemark-rallye-26-08-2017\/21125786_1890650404531505_6423721051988086439_o\/\" data-orig-file=\"https:\/\/www.ifm-motorsport.de\/start\/wp-content\/uploads\/2017\/09\/21125786_1890650404531505_6423721051988086439_o.jpg\" data-orig-size=\"1500,1000\" data-comments-opened=\"0\" data-image-meta=\"{&quot;aperture&quot;:&quot;0&quot;,&quot;credit&quot;:&quot;&quot;,&quot;camera&quot;:&quot;&quot;,&quot;caption&quot;:&quot;&quot;,&quot;created_timestamp&quot;:&quot;0&quot;,&quot;copyright&quot;:&quot;Lutz_Bittag&quot;,&quot;focal_length&quot;:&quot;0&quot;,&quot;iso&quot;:&quot;0&quot;,&quot;shutter_speed&quot;:&quot;0&quot;,&quot;title&quot;:&quot;&quot;,&quot;orientation&quot;:&quot;0&quot;}\" data-image-title=\"Wedemark-Rallye 2017 Heilborn-Melde BMW M3\" data-image-description=\"&lt;p&gt;Wedemark-Rallye 2017 Heilborn-Melde BMW M3&lt;\/p&gt;\n\" data-image-caption=\"\" data-medium-file=\"https:\/\/www.ifm-motorsport.de\/start\/wp-content\/uploads\/2017\/09\/21125786_1890650404531505_6423721051988086439_o-300x200.jpg\" data-large-file=\"https:\/\/www.ifm-motorsport.de\/start\/wp-content\/uploads\/2017\/09\/21125786_1890650404531505_6423721051988086439_o-1024x683.jpg\" decoding=\"async\" loading=\"lazy\" class=\"alignnone wp-image-1119 size-large\" src=\"http:\/\/www.ifm-motorsport.de\/start\/wp-content\/uploads\/2017\/09\/21125786_1890650404531505_6423721051988086439_o-1024x683.jpg\" alt=\"Wedemark-Rallye 2017 Heilborn-Melde BMW M3\" width=\"640\" height=\"427\" srcset=\"https:\/\/www.ifm-motorsport.de\/start\/wp-content\/uploads\/2017\/09\/21125786_1890650404531505_6423721051988086439_o-1024x683.jpg 1024w, https:\/\/www.ifm-motorsport.de\/start\/wp-content\/uploads\/2017\/09\/21125786_1890650404531505_6423721051988086439_o-300x200.jpg 300w, https:\/\/www.ifm-motorsport.de\/start\/wp-content\/uploads\/2017\/09\/21125786_1890650404531505_6423721051988086439_o-768x512.jpg 768w, https:\/\/www.ifm-motorsport.de\/start\/wp-content\/uploads\/2017\/09\/21125786_1890650404531505_6423721051988086439_o-640x427.jpg 640w, https:\/\/www.ifm-motorsport.de\/start\/wp-content\/uploads\/2017\/09\/21125786_1890650404531505_6423721051988086439_o-1010x673.jpg 1010w, https:\/\/www.ifm-motorsport.de\/start\/wp-content\/uploads\/2017\/09\/21125786_1890650404531505_6423721051988086439_o.jpg 1500w\" sizes=\"(max-width: 640px) 100vw, 640px\" \/><\/a><\/p>\n<p><a href=\"http:\/\/www.ifm-motorsport.de\/start\/wp-content\/uploads\/2017\/09\/DSCF3062.jpg\" target=\"_blank\" rel=\"noopener noreferrer\"><img data-attachment-id=\"1120\" data-permalink=\"https:\/\/www.ifm-motorsport.de\/start\/15-janinas-wendemark-rallye-26-08-2017\/dscf3062\/\" data-orig-file=\"https:\/\/www.ifm-motorsport.de\/start\/wp-content\/uploads\/2017\/09\/DSCF3062.jpg\" data-orig-size=\"2048,1536\" data-comments-opened=\"0\" data-image-meta=\"{&quot;aperture&quot;:&quot;20&quot;,&quot;credit&quot;:&quot;&quot;,&quot;camera&quot;:&quot;FinePix S3200&quot;,&quot;caption&quot;:&quot;&quot;,&quot;created_timestamp&quot;:&quot;1503765618&quot;,&quot;copyright&quot;:&quot;&quot;,&quot;focal_length&quot;:&quot;45.9&quot;,&quot;iso&quot;:&quot;400&quot;,&quot;shutter_speed&quot;:&quot;0.00833333333333&quot;,&quot;title&quot;:&quot;&quot;,&quot;orientation&quot;:&quot;1&quot;}\" data-image-title=\"Wedemark-Rallye 2017 Heilborn-Melde BMW M3\" data-image-description=\"&lt;p&gt;Wedemark-Rallye 2017 Heilborn-Melde BMW M3&lt;\/p&gt;\n\" data-image-caption=\"\" data-medium-file=\"https:\/\/www.ifm-motorsport.de\/start\/wp-content\/uploads\/2017\/09\/DSCF3062-300x225.jpg\" data-large-file=\"https:\/\/www.ifm-motorsport.de\/start\/wp-content\/uploads\/2017\/09\/DSCF3062-1024x768.jpg\" decoding=\"async\" loading=\"lazy\" class=\"alignnone wp-image-1120 size-large\" src=\"http:\/\/www.ifm-motorsport.de\/start\/wp-content\/uploads\/2017\/09\/DSCF3062-1024x768.jpg\" alt=\"Wedemark-Rallye 2017 Heilborn-Melde BMW M3\" width=\"640\" height=\"480\" srcset=\"https:\/\/www.ifm-motorsport.de\/start\/wp-content\/uploads\/2017\/09\/DSCF3062-1024x768.jpg 1024w, https:\/\/www.ifm-motorsport.de\/start\/wp-content\/uploads\/2017\/09\/DSCF3062-300x225.jpg 300w, https:\/\/www.ifm-motorsport.de\/start\/wp-content\/uploads\/2017\/09\/DSCF3062-768x576.jpg 768w, https:\/\/www.ifm-motorsport.de\/start\/wp-content\/uploads\/2017\/09\/DSCF3062-640x480.jpg 640w, https:\/\/www.ifm-motorsport.de\/start\/wp-content\/uploads\/2017\/09\/DSCF3062-1010x758.jpg 1010w, https:\/\/www.ifm-motorsport.de\/start\/wp-content\/uploads\/2017\/09\/DSCF3062.jpg 2048w\" sizes=\"(max-width: 640px) 100vw, 640px\" \/><\/a><\/p>\n<p><a href=\"http:\/\/www.ifm-motorsport.de\/start\/wp-content\/uploads\/2017\/09\/21122614_1259263677553224_9042534006335620387_o.jpg\" target=\"_blank\" rel=\"noopener noreferrer\"><img data-attachment-id=\"1122\" data-permalink=\"https:\/\/www.ifm-motorsport.de\/start\/15-janinas-wendemark-rallye-26-08-2017\/21122614_1259263677553224_9042534006335620387_o\/\" data-orig-file=\"https:\/\/www.ifm-motorsport.de\/start\/wp-content\/uploads\/2017\/09\/21122614_1259263677553224_9042534006335620387_o.jpg\" data-orig-size=\"2048,1365\" data-comments-opened=\"0\" data-image-meta=\"{&quot;aperture&quot;:&quot;0&quot;,&quot;credit&quot;:&quot;&quot;,&quot;camera&quot;:&quot;&quot;,&quot;caption&quot;:&quot;&quot;,&quot;created_timestamp&quot;:&quot;0&quot;,&quot;copyright&quot;:&quot;&quot;,&quot;focal_length&quot;:&quot;0&quot;,&quot;iso&quot;:&quot;0&quot;,&quot;shutter_speed&quot;:&quot;0&quot;,&quot;title&quot;:&quot;&quot;,&quot;orientation&quot;:&quot;0&quot;}\" data-image-title=\"Wedemark-Rallye 2017 Heilborn-Melde BMW M3\" data-image-description=\"&lt;p&gt;Wedemark-Rallye 2017 Heilborn-Melde BMW M3&lt;\/p&gt;\n\" data-image-caption=\"\" data-medium-file=\"https:\/\/www.ifm-motorsport.de\/start\/wp-content\/uploads\/2017\/09\/21122614_1259263677553224_9042534006335620387_o-300x200.jpg\" data-large-file=\"https:\/\/www.ifm-motorsport.de\/start\/wp-content\/uploads\/2017\/09\/21122614_1259263677553224_9042534006335620387_o-1024x683.jpg\" decoding=\"async\" loading=\"lazy\" class=\"alignnone wp-image-1122 size-large\" src=\"http:\/\/www.ifm-motorsport.de\/start\/wp-content\/uploads\/2017\/09\/21122614_1259263677553224_9042534006335620387_o-1024x683.jpg\" alt=\"Wedemark-Rallye 2017 Heilborn-Melde BMW M3\" width=\"640\" height=\"427\" srcset=\"https:\/\/www.ifm-motorsport.de\/start\/wp-content\/uploads\/2017\/09\/21122614_1259263677553224_9042534006335620387_o-1024x683.jpg 1024w, https:\/\/www.ifm-motorsport.de\/start\/wp-content\/uploads\/2017\/09\/21122614_1259263677553224_9042534006335620387_o-300x200.jpg 300w, https:\/\/www.ifm-motorsport.de\/start\/wp-content\/uploads\/2017\/09\/21122614_1259263677553224_9042534006335620387_o-768x512.jpg 768w, https:\/\/www.ifm-motorsport.de\/start\/wp-content\/uploads\/2017\/09\/21122614_1259263677553224_9042534006335620387_o-640x427.jpg 640w, https:\/\/www.ifm-motorsport.de\/start\/wp-content\/uploads\/2017\/09\/21122614_1259263677553224_9042534006335620387_o-1010x673.jpg 1010w, https:\/\/www.ifm-motorsport.de\/start\/wp-content\/uploads\/2017\/09\/21122614_1259263677553224_9042534006335620387_o.jpg 2048w\" sizes=\"(max-width: 640px) 100vw, 640px\" \/><\/a><\/p>\n<p><a href=\"http:\/\/www.ifm-motorsport.de\/start\/wp-content\/uploads\/2017\/09\/21125632_1259278290885096_4316103496424974188_o.jpg\" target=\"_blank\" rel=\"noopener noreferrer\"><img data-attachment-id=\"1123\" data-permalink=\"https:\/\/www.ifm-motorsport.de\/start\/15-janinas-wendemark-rallye-26-08-2017\/21125632_1259278290885096_4316103496424974188_o\/\" data-orig-file=\"https:\/\/www.ifm-motorsport.de\/start\/wp-content\/uploads\/2017\/09\/21125632_1259278290885096_4316103496424974188_o.jpg\" data-orig-size=\"2048,1365\" data-comments-opened=\"0\" data-image-meta=\"{&quot;aperture&quot;:&quot;0&quot;,&quot;credit&quot;:&quot;&quot;,&quot;camera&quot;:&quot;&quot;,&quot;caption&quot;:&quot;&quot;,&quot;created_timestamp&quot;:&quot;0&quot;,&quot;copyright&quot;:&quot;&quot;,&quot;focal_length&quot;:&quot;0&quot;,&quot;iso&quot;:&quot;0&quot;,&quot;shutter_speed&quot;:&quot;0&quot;,&quot;title&quot;:&quot;&quot;,&quot;orientation&quot;:&quot;0&quot;}\" data-image-title=\"Wedemark-Rallye 2017 Heilborn-Melde BMW M3\" data-image-description=\"&lt;p&gt;Wedemark-Rallye 2017 Heilborn-Melde BMW M3&lt;\/p&gt;\n\" data-image-caption=\"\" data-medium-file=\"https:\/\/www.ifm-motorsport.de\/start\/wp-content\/uploads\/2017\/09\/21125632_1259278290885096_4316103496424974188_o-300x200.jpg\" data-large-file=\"https:\/\/www.ifm-motorsport.de\/start\/wp-content\/uploads\/2017\/09\/21125632_1259278290885096_4316103496424974188_o-1024x683.jpg\" decoding=\"async\" loading=\"lazy\" class=\"alignnone wp-image-1123 size-large\" src=\"http:\/\/www.ifm-motorsport.de\/start\/wp-content\/uploads\/2017\/09\/21125632_1259278290885096_4316103496424974188_o-1024x683.jpg\" alt=\"Wedemark-Rallye 2017 Heilborn-Melde BMW M3\" width=\"640\" height=\"427\" srcset=\"https:\/\/www.ifm-motorsport.de\/start\/wp-content\/uploads\/2017\/09\/21125632_1259278290885096_4316103496424974188_o-1024x683.jpg 1024w, https:\/\/www.ifm-motorsport.de\/start\/wp-content\/uploads\/2017\/09\/21125632_1259278290885096_4316103496424974188_o-300x200.jpg 300w, https:\/\/www.ifm-motorsport.de\/start\/wp-content\/uploads\/2017\/09\/21125632_1259278290885096_4316103496424974188_o-768x512.jpg 768w, https:\/\/www.ifm-motorsport.de\/start\/wp-content\/uploads\/2017\/09\/21125632_1259278290885096_4316103496424974188_o-640x427.jpg 640w, https:\/\/www.ifm-motorsport.de\/start\/wp-content\/uploads\/2017\/09\/21125632_1259278290885096_4316103496424974188_o-1010x673.jpg 1010w, https:\/\/www.ifm-motorsport.de\/start\/wp-content\/uploads\/2017\/09\/21125632_1259278290885096_4316103496424974188_o.jpg 2048w\" sizes=\"(max-width: 640px) 100vw, 640px\" \/><\/a><\/p>\n<p><a href=\"http:\/\/www.ifm-motorsport.de\/start\/wp-content\/uploads\/2017\/09\/21167167_1259277350885190_839699284510435591_o.jpg\" target=\"_blank\" rel=\"noopener noreferrer\"><img data-attachment-id=\"1124\" data-permalink=\"https:\/\/www.ifm-motorsport.de\/start\/15-janinas-wendemark-rallye-26-08-2017\/21167167_1259277350885190_839699284510435591_o\/\" data-orig-file=\"https:\/\/www.ifm-motorsport.de\/start\/wp-content\/uploads\/2017\/09\/21167167_1259277350885190_839699284510435591_o.jpg\" data-orig-size=\"2048,1365\" data-comments-opened=\"0\" data-image-meta=\"{&quot;aperture&quot;:&quot;0&quot;,&quot;credit&quot;:&quot;&quot;,&quot;camera&quot;:&quot;&quot;,&quot;caption&quot;:&quot;&quot;,&quot;created_timestamp&quot;:&quot;0&quot;,&quot;copyright&quot;:&quot;&quot;,&quot;focal_length&quot;:&quot;0&quot;,&quot;iso&quot;:&quot;0&quot;,&quot;shutter_speed&quot;:&quot;0&quot;,&quot;title&quot;:&quot;&quot;,&quot;orientation&quot;:&quot;0&quot;}\" data-image-title=\"Wedemark-Rallye 2017 Heilborn-Melde BMW M3\" data-image-description=\"&lt;p&gt;Wedemark-Rallye 2017 Heilborn-Melde BMW M3&lt;\/p&gt;\n\" data-image-caption=\"\" data-medium-file=\"https:\/\/www.ifm-motorsport.de\/start\/wp-content\/uploads\/2017\/09\/21167167_1259277350885190_839699284510435591_o-300x200.jpg\" data-large-file=\"https:\/\/www.ifm-motorsport.de\/start\/wp-content\/uploads\/2017\/09\/21167167_1259277350885190_839699284510435591_o-1024x683.jpg\" decoding=\"async\" loading=\"lazy\" class=\"alignnone wp-image-1124 size-large\" src=\"http:\/\/www.ifm-motorsport.de\/start\/wp-content\/uploads\/2017\/09\/21167167_1259277350885190_839699284510435591_o-1024x683.jpg\" alt=\"Wedemark-Rallye 2017 Heilborn-Melde BMW M3\" width=\"640\" height=\"427\" srcset=\"https:\/\/www.ifm-motorsport.de\/start\/wp-content\/uploads\/2017\/09\/21167167_1259277350885190_839699284510435591_o-1024x683.jpg 1024w, https:\/\/www.ifm-motorsport.de\/start\/wp-content\/uploads\/2017\/09\/21167167_1259277350885190_839699284510435591_o-300x200.jpg 300w, https:\/\/www.ifm-motorsport.de\/start\/wp-content\/uploads\/2017\/09\/21167167_1259277350885190_839699284510435591_o-768x512.jpg 768w, https:\/\/www.ifm-motorsport.de\/start\/wp-content\/uploads\/2017\/09\/21167167_1259277350885190_839699284510435591_o-640x427.jpg 640w, https:\/\/www.ifm-motorsport.de\/start\/wp-content\/uploads\/2017\/09\/21167167_1259277350885190_839699284510435591_o-1010x673.jpg 1010w, https:\/\/www.ifm-motorsport.de\/start\/wp-content\/uploads\/2017\/09\/21167167_1259277350885190_839699284510435591_o.jpg 2048w\" sizes=\"(max-width: 640px) 100vw, 640px\" \/><\/a><\/p>\n<p>&nbsp;<\/p>\n<p><a href=\"http:\/\/www.ifm-motorsport.de\/start\/wp-content\/uploads\/2017\/09\/Gorlt-Wedemark-klein.jpg\"><img data-attachment-id=\"1129\" data-permalink=\"https:\/\/www.ifm-motorsport.de\/start\/15-janinas-wendemark-rallye-26-08-2017\/gorlt-wedemark-klein\/\" data-orig-file=\"https:\/\/www.ifm-motorsport.de\/start\/wp-content\/uploads\/2017\/09\/Gorlt-Wedemark-klein.jpg\" data-orig-size=\"1642,1094\" data-comments-opened=\"0\" data-image-meta=\"{&quot;aperture&quot;:&quot;5&quot;,&quot;credit&quot;:&quot;Thomas Gorlt&quot;,&quot;camera&quot;:&quot;Canon EOS 7D Mark II&quot;,&quot;caption&quot;:&quot;&quot;,&quot;created_timestamp&quot;:&quot;1503767044&quot;,&quot;copyright&quot;:&quot;Thomas Gorlt&quot;,&quot;focal_length&quot;:&quot;70&quot;,&quot;iso&quot;:&quot;200&quot;,&quot;shutter_speed&quot;:&quot;0.002&quot;,&quot;title&quot;:&quot;&quot;,&quot;orientation&quot;:&quot;0&quot;}\" data-image-title=\"Wedemark-Rallye 2017 Heilborn-Melde BMW M3\" data-image-description=\"&lt;p&gt;Wedemark-Rallye 2017 Heilborn-Melde BMW M3&lt;\/p&gt;\n\" data-image-caption=\"\" data-medium-file=\"https:\/\/www.ifm-motorsport.de\/start\/wp-content\/uploads\/2017\/09\/Gorlt-Wedemark-klein-300x200.jpg\" data-large-file=\"https:\/\/www.ifm-motorsport.de\/start\/wp-content\/uploads\/2017\/09\/Gorlt-Wedemark-klein-1024x682.jpg\" decoding=\"async\" loading=\"lazy\" class=\"alignnone size-large wp-image-1129\" src=\"http:\/\/www.ifm-motorsport.de\/start\/wp-content\/uploads\/2017\/09\/Gorlt-Wedemark-klein-1024x682.jpg\" alt=\"Wedemark-Rallye 2017 Heilborn-Melde BMW M3\" width=\"640\" height=\"426\" srcset=\"https:\/\/www.ifm-motorsport.de\/start\/wp-content\/uploads\/2017\/09\/Gorlt-Wedemark-klein-1024x682.jpg 1024w, https:\/\/www.ifm-motorsport.de\/start\/wp-content\/uploads\/2017\/09\/Gorlt-Wedemark-klein-300x200.jpg 300w, https:\/\/www.ifm-motorsport.de\/start\/wp-content\/uploads\/2017\/09\/Gorlt-Wedemark-klein-768x512.jpg 768w, https:\/\/www.ifm-motorsport.de\/start\/wp-content\/uploads\/2017\/09\/Gorlt-Wedemark-klein-640x426.jpg 640w, https:\/\/www.ifm-motorsport.de\/start\/wp-content\/uploads\/2017\/09\/Gorlt-Wedemark-klein-1010x673.jpg 1010w, https:\/\/www.ifm-motorsport.de\/start\/wp-content\/uploads\/2017\/09\/Gorlt-Wedemark-klein.jpg 1642w\" sizes=\"(max-width: 640px) 100vw, 640px\" \/><\/a><\/p>\n<p>&nbsp;<\/p>\n","protected":false},"excerpt":{"rendered":"<p>3. in der Klasse, 12. im Gesamtklassement. Und heilfroh, \u00fcberhaupt durchgekommen zu sein! In Wedemark sind die Wege hart! Niemand hat erwartet, dass die Wedemark-Rallye ein Klostersch\u00fclerinnenpicknick wird&#8230; Aber dass uns schon auf WP1 die ersten Teile durchs Auto fliegen und man ab WP2 sogar dachte, man w\u00e4re beim letzten Sprung bewusstlos geworden und mitten [&hellip;]<\/p>\n","protected":false},"author":1,"featured_media":1111,"comment_status":"closed","ping_status":"open","sticky":false,"template":"","format":"standard","meta":[],"categories":[5],"tags":[4],"yoast_head":"<!-- This site is optimized with the Yoast SEO plugin v21.8.1 - https:\/\/yoast.com\/wordpress\/plugins\/seo\/ -->\n<title>15. Janinas-Wedemark-Rallye 26.08.2017 - IFM-Motorsport.de<\/title>\n<meta name=\"description\" content=\"nick heilborn rallye ihr-finanzfachmann.de\" \/>\n<meta name=\"robots\" content=\"index, follow, max-snippet:-1, max-image-preview:large, max-video-preview:-1\" \/>\n<link rel=\"canonical\" href=\"https:\/\/www.ifm-motorsport.de\/start\/15-janinas-wendemark-rallye-26-08-2017\/\" \/>\n<meta property=\"og:locale\" content=\"de_DE\" \/>\n<meta property=\"og:type\" content=\"article\" \/>\n<meta property=\"og:title\" content=\"15. Janinas-Wedemark-Rallye 26.08.2017 - IFM-Motorsport.de\" \/>\n<meta property=\"og:description\" content=\"nick heilborn rallye ihr-finanzfachmann.de\" \/>\n<meta property=\"og:url\" content=\"https:\/\/www.ifm-motorsport.de\/start\/15-janinas-wendemark-rallye-26-08-2017\/\" \/>\n<meta property=\"og:site_name\" content=\"IFM-Motorsport.de\" \/>\n<meta property=\"article:publisher\" content=\"https:\/\/www.facebook.com\/Vermoegensberatung.Hermsdorf\" \/>\n<meta property=\"article:published_time\" content=\"2017-09-06T17:32:05+00:00\" \/>\n<meta property=\"article:modified_time\" content=\"2017-09-06T18:33:55+00:00\" \/>\n<meta property=\"og:image\" content=\"https:\/\/www.ifm-motorsport.de\/start\/wp-content\/uploads\/2017\/09\/1-451-e1504719173897.jpg\" \/>\n\t<meta property=\"og:image:width\" content=\"1600\" \/>\n\t<meta property=\"og:image:height\" content=\"1067\" \/>\n\t<meta property=\"og:image:type\" content=\"image\/jpeg\" \/>\n<meta name=\"author\" content=\"admin\" \/>\n<meta name=\"twitter:card\" content=\"summary_large_image\" \/>\n<meta name=\"twitter:label1\" content=\"Verfasst von\" \/>\n\t<meta name=\"twitter:data1\" content=\"admin\" \/>\n\t<meta name=\"twitter:label2\" content=\"Gesch\u00e4tzte Lesezeit\" \/>\n\t<meta name=\"twitter:data2\" content=\"2\u00a0Minuten\" \/>\n<script type=\"application\/ld+json\" class=\"yoast-schema-graph\">{\"@context\":\"https:\/\/schema.org\",\"@graph\":[{\"@type\":\"WebPage\",\"@id\":\"https:\/\/www.ifm-motorsport.de\/start\/15-janinas-wendemark-rallye-26-08-2017\/\",\"url\":\"https:\/\/www.ifm-motorsport.de\/start\/15-janinas-wendemark-rallye-26-08-2017\/\",\"name\":\"15. Janinas-Wedemark-Rallye 26.08.2017 - IFM-Motorsport.de\",\"isPartOf\":{\"@id\":\"https:\/\/www.ifm-motorsport.de\/start\/#website\"},\"datePublished\":\"2017-09-06T17:32:05+00:00\",\"dateModified\":\"2017-09-06T18:33:55+00:00\",\"author\":{\"@id\":\"https:\/\/www.ifm-motorsport.de\/start\/#\/schema\/person\/eff8cb1eeb947fc2be384f468211b0fb\"},\"description\":\"nick heilborn rallye ihr-finanzfachmann.de\",\"breadcrumb\":{\"@id\":\"https:\/\/www.ifm-motorsport.de\/start\/15-janinas-wendemark-rallye-26-08-2017\/#breadcrumb\"},\"inLanguage\":\"de\",\"potentialAction\":[{\"@type\":\"ReadAction\",\"target\":[\"https:\/\/www.ifm-motorsport.de\/start\/15-janinas-wendemark-rallye-26-08-2017\/\"]}]},{\"@type\":\"BreadcrumbList\",\"@id\":\"https:\/\/www.ifm-motorsport.de\/start\/15-janinas-wendemark-rallye-26-08-2017\/#breadcrumb\",\"itemListElement\":[{\"@type\":\"ListItem\",\"position\":1,\"name\":\"Home\",\"item\":\"https:\/\/www.ifm-motorsport.de\/start\/\"},{\"@type\":\"ListItem\",\"position\":2,\"name\":\"15. Janinas-Wedemark-Rallye 26.08.2017\"}]},{\"@type\":\"WebSite\",\"@id\":\"https:\/\/www.ifm-motorsport.de\/start\/#website\",\"url\":\"https:\/\/www.ifm-motorsport.de\/start\/\",\"name\":\"IFM-Motorsport.de\",\"description\":\"\",\"potentialAction\":[{\"@type\":\"SearchAction\",\"target\":{\"@type\":\"EntryPoint\",\"urlTemplate\":\"https:\/\/www.ifm-motorsport.de\/start\/?s={search_term_string}\"},\"query-input\":\"required name=search_term_string\"}],\"inLanguage\":\"de\"},{\"@type\":\"Person\",\"@id\":\"https:\/\/www.ifm-motorsport.de\/start\/#\/schema\/person\/eff8cb1eeb947fc2be384f468211b0fb\",\"name\":\"admin\",\"image\":{\"@type\":\"ImageObject\",\"inLanguage\":\"de\",\"@id\":\"https:\/\/www.ifm-motorsport.de\/start\/#\/schema\/person\/image\/\",\"url\":\"https:\/\/secure.gravatar.com\/avatar\/d2e5ceb10b271dc096153cf6d0afa206?s=96&d=mm&r=g\",\"contentUrl\":\"https:\/\/secure.gravatar.com\/avatar\/d2e5ceb10b271dc096153cf6d0afa206?s=96&d=mm&r=g\",\"caption\":\"admin\"},\"url\":\"https:\/\/www.ifm-motorsport.de\/start\/author\/admin\/\"}]}<\/script>\n<!-- \/ Yoast SEO plugin. -->","yoast_head_json":{"title":"15. Janinas-Wedemark-Rallye 26.08.2017 - IFM-Motorsport.de","description":"nick heilborn rallye ihr-finanzfachmann.de","robots":{"index":"index","follow":"follow","max-snippet":"max-snippet:-1","max-image-preview":"max-image-preview:large","max-video-preview":"max-video-preview:-1"},"canonical":"https:\/\/www.ifm-motorsport.de\/start\/15-janinas-wendemark-rallye-26-08-2017\/","og_locale":"de_DE","og_type":"article","og_title":"15. Janinas-Wedemark-Rallye 26.08.2017 - IFM-Motorsport.de","og_description":"nick heilborn rallye ihr-finanzfachmann.de","og_url":"https:\/\/www.ifm-motorsport.de\/start\/15-janinas-wendemark-rallye-26-08-2017\/","og_site_name":"IFM-Motorsport.de","article_publisher":"https:\/\/www.facebook.com\/Vermoegensberatung.Hermsdorf","article_published_time":"2017-09-06T17:32:05+00:00","article_modified_time":"2017-09-06T18:33:55+00:00","og_image":[{"width":1600,"height":1067,"url":"https:\/\/www.ifm-motorsport.de\/start\/wp-content\/uploads\/2017\/09\/1-451-e1504719173897.jpg","type":"image\/jpeg"}],"author":"admin","twitter_card":"summary_large_image","twitter_misc":{"Verfasst von":"admin","Gesch\u00e4tzte Lesezeit":"2\u00a0Minuten"},"schema":{"@context":"https:\/\/schema.org","@graph":[{"@type":"WebPage","@id":"https:\/\/www.ifm-motorsport.de\/start\/15-janinas-wendemark-rallye-26-08-2017\/","url":"https:\/\/www.ifm-motorsport.de\/start\/15-janinas-wendemark-rallye-26-08-2017\/","name":"15. Janinas-Wedemark-Rallye 26.08.2017 - IFM-Motorsport.de","isPartOf":{"@id":"https:\/\/www.ifm-motorsport.de\/start\/#website"},"datePublished":"2017-09-06T17:32:05+00:00","dateModified":"2017-09-06T18:33:55+00:00","author":{"@id":"https:\/\/www.ifm-motorsport.de\/start\/#\/schema\/person\/eff8cb1eeb947fc2be384f468211b0fb"},"description":"nick heilborn rallye ihr-finanzfachmann.de","breadcrumb":{"@id":"https:\/\/www.ifm-motorsport.de\/start\/15-janinas-wendemark-rallye-26-08-2017\/#breadcrumb"},"inLanguage":"de","potentialAction":[{"@type":"ReadAction","target":["https:\/\/www.ifm-motorsport.de\/start\/15-janinas-wendemark-rallye-26-08-2017\/"]}]},{"@type":"BreadcrumbList","@id":"https:\/\/www.ifm-motorsport.de\/start\/15-janinas-wendemark-rallye-26-08-2017\/#breadcrumb","itemListElement":[{"@type":"ListItem","position":1,"name":"Home","item":"https:\/\/www.ifm-motorsport.de\/start\/"},{"@type":"ListItem","position":2,"name":"15. Janinas-Wedemark-Rallye 26.08.2017"}]},{"@type":"WebSite","@id":"https:\/\/www.ifm-motorsport.de\/start\/#website","url":"https:\/\/www.ifm-motorsport.de\/start\/","name":"IFM-Motorsport.de","description":"","potentialAction":[{"@type":"SearchAction","target":{"@type":"EntryPoint","urlTemplate":"https:\/\/www.ifm-motorsport.de\/start\/?s={search_term_string}"},"query-input":"required name=search_term_string"}],"inLanguage":"de"},{"@type":"Person","@id":"https:\/\/www.ifm-motorsport.de\/start\/#\/schema\/person\/eff8cb1eeb947fc2be384f468211b0fb","name":"admin","image":{"@type":"ImageObject","inLanguage":"de","@id":"https:\/\/www.ifm-motorsport.de\/start\/#\/schema\/person\/image\/","url":"https:\/\/secure.gravatar.com\/avatar\/d2e5ceb10b271dc096153cf6d0afa206?s=96&d=mm&r=g","contentUrl":"https:\/\/secure.gravatar.com\/avatar\/d2e5ceb10b271dc096153cf6d0afa206?s=96&d=mm&r=g","caption":"admin"},"url":"https:\/\/www.ifm-motorsport.de\/start\/author\/admin\/"}]}},"jetpack_featured_media_url":"https:\/\/www.ifm-motorsport.de\/start\/wp-content\/uploads\/2017\/09\/1-451-e1504719173897.jpg","jetpack_sharing_enabled":true,"_links":{"self":[{"href":"https:\/\/www.ifm-motorsport.de\/start\/wp-json\/wp\/v2\/posts\/1110"}],"collection":[{"href":"https:\/\/www.ifm-motorsport.de\/start\/wp-json\/wp\/v2\/posts"}],"about":[{"href":"https:\/\/www.ifm-motorsport.de\/start\/wp-json\/wp\/v2\/types\/post"}],"author":[{"embeddable":true,"href":"https:\/\/www.ifm-motorsport.de\/start\/wp-json\/wp\/v2\/users\/1"}],"replies":[{"embeddable":true,"href":"https:\/\/www.ifm-motorsport.de\/start\/wp-json\/wp\/v2\/comments?post=1110"}],"version-history":[{"count":10,"href":"https:\/\/www.ifm-motorsport.de\/start\/wp-json\/wp\/v2\/posts\/1110\/revisions"}],"predecessor-version":[{"id":1154,"href":"https:\/\/www.ifm-motorsport.de\/start\/wp-json\/wp\/v2\/posts\/1110\/revisions\/1154"}],"wp:featuredmedia":[{"embeddable":true,"href":"https:\/\/www.ifm-motorsport.de\/start\/wp-json\/wp\/v2\/media\/1111"}],"wp:attachment":[{"href":"https:\/\/www.ifm-motorsport.de\/start\/wp-json\/wp\/v2\/media?parent=1110"}],"wp:term":[{"taxonomy":"category","embeddable":true,"href":"https:\/\/www.ifm-motorsport.de\/start\/wp-json\/wp\/v2\/categories?post=1110"},{"taxonomy":"post_tag","embeddable":true,"href":"https:\/\/www.ifm-motorsport.de\/start\/wp-json\/wp\/v2\/tags?post=1110"}],"curies":[{"name":"wp","href":"https:\/\/api.w.org\/{rel}","templated":true}]}}