{"id":1199,"date":"2017-10-31T19:22:56","date_gmt":"2017-10-31T18:22:56","guid":{"rendered":"http:\/\/www.ifm-motorsport.de\/start\/?p=1199"},"modified":"2017-10-31T19:31:21","modified_gmt":"2017-10-31T18:31:21","slug":"45-havellandrallye-14-10-2017","status":"publish","type":"post","link":"https:\/\/www.ifm-motorsport.de\/start\/45-havellandrallye-14-10-2017\/","title":{"rendered":"45. Havellandrallye 14.10.2017"},"content":{"rendered":"<p style=\"text-align: justify;\">3 auf einen Streich!<\/p>\n<p>DMSB Rallye-Cup, ADMV-Meisterschaft und ADMV-Pokal &#8211; drei Meisterschaften mit einem Ausfall verloren..<\/p>\n<p>Auf WP 1 noch etwas nach dem richtigen Rhythmus gesucht, lief es auf WP2 schon ganz gut. Auf den letzten Kilometern ging allerdings das Domlager hinten links zu Bruch\u00a0(3:35 im Video), sodass wir ohne linken Sto\u00dfd\u00e4mpfer weiter fahren mussten.<br \/>\n<span class=\"text_exposed_show\"><br \/>\nZu diesem Zeitpunkt lagen wir auf Platz 1 in unserer Klasse, P2 in der Division und P7 Gesamt. Und fahrerisch hatten wir noch etwas Reserven.<\/span><\/p>\n<p>Auf WP3 verloren wir dann aber auch noch den rechten hinteren D\u00e4mpfer und auf WP4 in der Folge den ganzen L\u00e4ngslenker links, sodass wir dann schweren Herzens endg\u00fcltig aufgeben mussten.<\/p>\n<p>Die oben genannten drei Meisterschaften sind -nachdem es lange gut f\u00fcr uns aussah- damit nun schlagartig verloren. So schnell kann es leider gehen. Gl\u00fcck und Pech liegen im Motorsport eben dicht beieinander.<\/p>\n<p>Trotzdem werden wir die Saison nat\u00fcrlich zu Ende fahren und -wenn wir das Auto rechtzeitig wieder hinbekommen- am kommenden WE zur Gollert und dann Anfang November in der Lausitz an den Start gehen. Zudem ist die S\u00e4chsische Meisterschaft ja immerhin auch noch erreichbar.<\/p>\n<p>Aber Grund zum Jammern haben wir nat\u00fcrlich ohnehin nicht: Unser Haupt-Saisonziel, die Th\u00fcringer Meisterschaft, haben wir ja bereits erreicht und der Rest w\u00e4re nur \u201eZugabe\u201c gewesen. Wir waren ja selbst etwas \u00fcberrascht, wie gut das dieses Jahr bisher so lief.<\/p>\n<p>Wir dr\u00fccken nun der aktuellen Spitzengruppe in allen Meisterschaften (vor allem beide ADMV) die Daumen und freuen uns auf einen spannenden Saison-Endspurt 2017!<\/p>\n<p>&nbsp;<\/p>\n<p style=\"text-align: justify;\">Beitragsbild: Thomas Gorlt<\/p>\n<div class=\"jetpack-video-wrapper\"><span class=\"embed-youtube\" style=\"text-align:center; display: block;\"><iframe loading=\"lazy\" class=\"youtube-player\" width=\"640\" height=\"360\" src=\"https:\/\/www.youtube.com\/embed\/evgsfwX6VCA?version=3&#038;rel=1&#038;showsearch=0&#038;showinfo=1&#038;iv_load_policy=1&#038;fs=1&#038;hl=de-DE&#038;autohide=2&#038;wmode=transparent\" allowfullscreen=\"true\" style=\"border:0;\" sandbox=\"allow-scripts allow-same-origin allow-popups allow-presentation allow-popups-to-escape-sandbox\"><\/iframe><\/span><\/div>\n<p>&nbsp;<\/p>\n","protected":false},"excerpt":{"rendered":"<p>3 auf einen Streich! DMSB Rallye-Cup, ADMV-Meisterschaft und ADMV-Pokal &#8211; drei Meisterschaften mit einem Ausfall verloren.. Auf WP 1 noch etwas nach dem richtigen Rhythmus gesucht, lief es auf WP2 schon ganz gut. Auf den letzten Kilometern ging allerdings das Domlager hinten links zu Bruch\u00a0(3:35 im Video), sodass wir ohne linken Sto\u00dfd\u00e4mpfer weiter fahren mussten. [&hellip;]<\/p>\n","protected":false},"author":1,"featured_media":1200,"comment_status":"closed","ping_status":"open","sticky":false,"template":"","format":"standard","meta":[],"categories":[9,5],"tags":[4],"yoast_head":"<!-- This site is optimized with the Yoast SEO plugin v21.8.1 - https:\/\/yoast.com\/wordpress\/plugins\/seo\/ -->\n<title>45. Havellandrallye 14.10.2017 - IFM-Motorsport.de<\/title>\n<meta name=\"description\" content=\"nick heilborn rallye ihr-finanzfachmann.de\" \/>\n<meta name=\"robots\" content=\"index, follow, max-snippet:-1, max-image-preview:large, max-video-preview:-1\" \/>\n<link rel=\"canonical\" href=\"https:\/\/www.ifm-motorsport.de\/start\/45-havellandrallye-14-10-2017\/\" \/>\n<meta property=\"og:locale\" content=\"de_DE\" \/>\n<meta property=\"og:type\" content=\"article\" \/>\n<meta property=\"og:title\" content=\"45. Havellandrallye 14.10.2017 - IFM-Motorsport.de\" \/>\n<meta property=\"og:description\" content=\"nick heilborn rallye ihr-finanzfachmann.de\" \/>\n<meta property=\"og:url\" content=\"https:\/\/www.ifm-motorsport.de\/start\/45-havellandrallye-14-10-2017\/\" \/>\n<meta property=\"og:site_name\" content=\"IFM-Motorsport.de\" \/>\n<meta property=\"article:publisher\" content=\"https:\/\/www.facebook.com\/Vermoegensberatung.Hermsdorf\" \/>\n<meta property=\"article:published_time\" content=\"2017-10-31T18:22:56+00:00\" \/>\n<meta property=\"article:modified_time\" content=\"2017-10-31T18:31:21+00:00\" \/>\n<meta property=\"og:image\" content=\"https:\/\/www.ifm-motorsport.de\/start\/wp-content\/uploads\/2017\/10\/Havelland-Gorlt-klein-e1509474501755.jpg\" \/>\n\t<meta property=\"og:image:width\" content=\"1641\" \/>\n\t<meta property=\"og:image:height\" content=\"898\" \/>\n\t<meta property=\"og:image:type\" content=\"image\/jpeg\" \/>\n<meta name=\"author\" content=\"admin\" \/>\n<meta name=\"twitter:card\" content=\"summary_large_image\" \/>\n<meta name=\"twitter:label1\" content=\"Verfasst von\" \/>\n\t<meta name=\"twitter:data1\" content=\"admin\" \/>\n\t<meta name=\"twitter:label2\" content=\"Gesch\u00e4tzte Lesezeit\" \/>\n\t<meta name=\"twitter:data2\" content=\"1\u00a0Minute\" \/>\n<script type=\"application\/ld+json\" class=\"yoast-schema-graph\">{\"@context\":\"https:\/\/schema.org\",\"@graph\":[{\"@type\":\"WebPage\",\"@id\":\"https:\/\/www.ifm-motorsport.de\/start\/45-havellandrallye-14-10-2017\/\",\"url\":\"https:\/\/www.ifm-motorsport.de\/start\/45-havellandrallye-14-10-2017\/\",\"name\":\"45. Havellandrallye 14.10.2017 - IFM-Motorsport.de\",\"isPartOf\":{\"@id\":\"https:\/\/www.ifm-motorsport.de\/start\/#website\"},\"datePublished\":\"2017-10-31T18:22:56+00:00\",\"dateModified\":\"2017-10-31T18:31:21+00:00\",\"author\":{\"@id\":\"https:\/\/www.ifm-motorsport.de\/start\/#\/schema\/person\/eff8cb1eeb947fc2be384f468211b0fb\"},\"description\":\"nick heilborn rallye ihr-finanzfachmann.de\",\"breadcrumb\":{\"@id\":\"https:\/\/www.ifm-motorsport.de\/start\/45-havellandrallye-14-10-2017\/#breadcrumb\"},\"inLanguage\":\"de\",\"potentialAction\":[{\"@type\":\"ReadAction\",\"target\":[\"https:\/\/www.ifm-motorsport.de\/start\/45-havellandrallye-14-10-2017\/\"]}]},{\"@type\":\"BreadcrumbList\",\"@id\":\"https:\/\/www.ifm-motorsport.de\/start\/45-havellandrallye-14-10-2017\/#breadcrumb\",\"itemListElement\":[{\"@type\":\"ListItem\",\"position\":1,\"name\":\"Home\",\"item\":\"https:\/\/www.ifm-motorsport.de\/start\/\"},{\"@type\":\"ListItem\",\"position\":2,\"name\":\"45. Havellandrallye 14.10.2017\"}]},{\"@type\":\"WebSite\",\"@id\":\"https:\/\/www.ifm-motorsport.de\/start\/#website\",\"url\":\"https:\/\/www.ifm-motorsport.de\/start\/\",\"name\":\"IFM-Motorsport.de\",\"description\":\"\",\"potentialAction\":[{\"@type\":\"SearchAction\",\"target\":{\"@type\":\"EntryPoint\",\"urlTemplate\":\"https:\/\/www.ifm-motorsport.de\/start\/?s={search_term_string}\"},\"query-input\":\"required name=search_term_string\"}],\"inLanguage\":\"de\"},{\"@type\":\"Person\",\"@id\":\"https:\/\/www.ifm-motorsport.de\/start\/#\/schema\/person\/eff8cb1eeb947fc2be384f468211b0fb\",\"name\":\"admin\",\"image\":{\"@type\":\"ImageObject\",\"inLanguage\":\"de\",\"@id\":\"https:\/\/www.ifm-motorsport.de\/start\/#\/schema\/person\/image\/\",\"url\":\"https:\/\/secure.gravatar.com\/avatar\/d2e5ceb10b271dc096153cf6d0afa206?s=96&d=mm&r=g\",\"contentUrl\":\"https:\/\/secure.gravatar.com\/avatar\/d2e5ceb10b271dc096153cf6d0afa206?s=96&d=mm&r=g\",\"caption\":\"admin\"},\"url\":\"https:\/\/www.ifm-motorsport.de\/start\/author\/admin\/\"}]}<\/script>\n<!-- \/ Yoast SEO plugin. -->","yoast_head_json":{"title":"45. Havellandrallye 14.10.2017 - IFM-Motorsport.de","description":"nick heilborn rallye ihr-finanzfachmann.de","robots":{"index":"index","follow":"follow","max-snippet":"max-snippet:-1","max-image-preview":"max-image-preview:large","max-video-preview":"max-video-preview:-1"},"canonical":"https:\/\/www.ifm-motorsport.de\/start\/45-havellandrallye-14-10-2017\/","og_locale":"de_DE","og_type":"article","og_title":"45. Havellandrallye 14.10.2017 - IFM-Motorsport.de","og_description":"nick heilborn rallye ihr-finanzfachmann.de","og_url":"https:\/\/www.ifm-motorsport.de\/start\/45-havellandrallye-14-10-2017\/","og_site_name":"IFM-Motorsport.de","article_publisher":"https:\/\/www.facebook.com\/Vermoegensberatung.Hermsdorf","article_published_time":"2017-10-31T18:22:56+00:00","article_modified_time":"2017-10-31T18:31:21+00:00","og_image":[{"width":1641,"height":898,"url":"https:\/\/www.ifm-motorsport.de\/start\/wp-content\/uploads\/2017\/10\/Havelland-Gorlt-klein-e1509474501755.jpg","type":"image\/jpeg"}],"author":"admin","twitter_card":"summary_large_image","twitter_misc":{"Verfasst von":"admin","Gesch\u00e4tzte Lesezeit":"1\u00a0Minute"},"schema":{"@context":"https:\/\/schema.org","@graph":[{"@type":"WebPage","@id":"https:\/\/www.ifm-motorsport.de\/start\/45-havellandrallye-14-10-2017\/","url":"https:\/\/www.ifm-motorsport.de\/start\/45-havellandrallye-14-10-2017\/","name":"45. Havellandrallye 14.10.2017 - IFM-Motorsport.de","isPartOf":{"@id":"https:\/\/www.ifm-motorsport.de\/start\/#website"},"datePublished":"2017-10-31T18:22:56+00:00","dateModified":"2017-10-31T18:31:21+00:00","author":{"@id":"https:\/\/www.ifm-motorsport.de\/start\/#\/schema\/person\/eff8cb1eeb947fc2be384f468211b0fb"},"description":"nick heilborn rallye ihr-finanzfachmann.de","breadcrumb":{"@id":"https:\/\/www.ifm-motorsport.de\/start\/45-havellandrallye-14-10-2017\/#breadcrumb"},"inLanguage":"de","potentialAction":[{"@type":"ReadAction","target":["https:\/\/www.ifm-motorsport.de\/start\/45-havellandrallye-14-10-2017\/"]}]},{"@type":"BreadcrumbList","@id":"https:\/\/www.ifm-motorsport.de\/start\/45-havellandrallye-14-10-2017\/#breadcrumb","itemListElement":[{"@type":"ListItem","position":1,"name":"Home","item":"https:\/\/www.ifm-motorsport.de\/start\/"},{"@type":"ListItem","position":2,"name":"45. Havellandrallye 14.10.2017"}]},{"@type":"WebSite","@id":"https:\/\/www.ifm-motorsport.de\/start\/#website","url":"https:\/\/www.ifm-motorsport.de\/start\/","name":"IFM-Motorsport.de","description":"","potentialAction":[{"@type":"SearchAction","target":{"@type":"EntryPoint","urlTemplate":"https:\/\/www.ifm-motorsport.de\/start\/?s={search_term_string}"},"query-input":"required name=search_term_string"}],"inLanguage":"de"},{"@type":"Person","@id":"https:\/\/www.ifm-motorsport.de\/start\/#\/schema\/person\/eff8cb1eeb947fc2be384f468211b0fb","name":"admin","image":{"@type":"ImageObject","inLanguage":"de","@id":"https:\/\/www.ifm-motorsport.de\/start\/#\/schema\/person\/image\/","url":"https:\/\/secure.gravatar.com\/avatar\/d2e5ceb10b271dc096153cf6d0afa206?s=96&d=mm&r=g","contentUrl":"https:\/\/secure.gravatar.com\/avatar\/d2e5ceb10b271dc096153cf6d0afa206?s=96&d=mm&r=g","caption":"admin"},"url":"https:\/\/www.ifm-motorsport.de\/start\/author\/admin\/"}]}},"jetpack_featured_media_url":"https:\/\/www.ifm-motorsport.de\/start\/wp-content\/uploads\/2017\/10\/Havelland-Gorlt-klein-e1509474501755.jpg","jetpack_sharing_enabled":true,"_links":{"self":[{"href":"https:\/\/www.ifm-motorsport.de\/start\/wp-json\/wp\/v2\/posts\/1199"}],"collection":[{"href":"https:\/\/www.ifm-motorsport.de\/start\/wp-json\/wp\/v2\/posts"}],"about":[{"href":"https:\/\/www.ifm-motorsport.de\/start\/wp-json\/wp\/v2\/types\/post"}],"author":[{"embeddable":true,"href":"https:\/\/www.ifm-motorsport.de\/start\/wp-json\/wp\/v2\/users\/1"}],"replies":[{"embeddable":true,"href":"https:\/\/www.ifm-motorsport.de\/start\/wp-json\/wp\/v2\/comments?post=1199"}],"version-history":[{"count":3,"href":"https:\/\/www.ifm-motorsport.de\/start\/wp-json\/wp\/v2\/posts\/1199\/revisions"}],"predecessor-version":[{"id":1203,"href":"https:\/\/www.ifm-motorsport.de\/start\/wp-json\/wp\/v2\/posts\/1199\/revisions\/1203"}],"wp:featuredmedia":[{"embeddable":true,"href":"https:\/\/www.ifm-motorsport.de\/start\/wp-json\/wp\/v2\/media\/1200"}],"wp:attachment":[{"href":"https:\/\/www.ifm-motorsport.de\/start\/wp-json\/wp\/v2\/media?parent=1199"}],"wp:term":[{"taxonomy":"category","embeddable":true,"href":"https:\/\/www.ifm-motorsport.de\/start\/wp-json\/wp\/v2\/categories?post=1199"},{"taxonomy":"post_tag","embeddable":true,"href":"https:\/\/www.ifm-motorsport.de\/start\/wp-json\/wp\/v2\/tags?post=1199"}],"curies":[{"name":"wp","href":"https:\/\/api.w.org\/{rel}","templated":true}]}}