{"id":1385,"date":"2018-04-17T00:20:49","date_gmt":"2018-04-16T22:20:49","guid":{"rendered":"http:\/\/www.ifm-motorsport.de\/start\/?p=1385"},"modified":"2018-05-31T23:48:08","modified_gmt":"2018-05-31T21:48:08","slug":"48-adac-roland-rallye-14-04-2018","status":"publish","type":"post","link":"https:\/\/www.ifm-motorsport.de\/start\/48-adac-roland-rallye-14-04-2018\/","title":{"rendered":"48. ADAC Roland-Rallye 14.04.2018"},"content":{"rendered":"<p>1. Platz in Klasse F4, 6. Rang gesamt und bester Hecktriebler!<\/p>\n<p style=\"text-align: justify;\">Vor 3 Jahren fing hier alles an: Die Roland-Rallye 2015 war meine erste Rallye \u00fcberhaupt. Damals noch im BMW 328i auf gebrauchten Winterreifen &#8211; man wollte ja \u201enur mal schauen\u201c\u2026<\/p>\n<p style=\"text-align: justify;\">Nach 2017 dieses Jahr nun schon zum 2. mal im BMW M3 und mit tauglichen Schotter-Pneus bereift, konnten wir mit dem Klassensieg und 6. Gesamtrang das Ergebnis vom Vorjahr wiederholen und zugleich noch etwas verbessern.<\/p>\n<p style=\"text-align: justify;\">Mit dieser Entwicklung bin ich nat\u00fcrlich sehr zufrieden. Denn als Mischveranstaltung mit ca. 70% Schotter- und 30% Asphaltanteil fordert die Roland-Rallye vom Fahrer dass, was den Rallyesport ausmacht und ihn grundlegend von Rundstreckenrennen unterscheidet: Fahrzeugbeherrschung auf JEDEM Untergrund. Und wenn man jemals mal mit \u00fcber 170 km\/h in einem heckgetriebenen Fahrzeug \u00fcber einen abgesperrten Schotterweg durch Nordh\u00e4user Pr\u00e4rie geeilt ist, wei\u00df man was wahrhaftige \u201eFreude am Fahren\u201c bedeutet.<\/p>\n<p style=\"text-align: justify;\">Mein Beifahrer Benjamin Melde und ich hatten jedenfalls eine Menge Freude &#8211; und die Zuschauer wie man h\u00f6rte auch.<\/p>\n<p style=\"text-align: justify;\">Unser Dank gilt dem Veranstalter und allen beteiligten Helfern f\u00fcr diese gewohnt hervorragend organisierte Rallye.<\/p>\n<p style=\"text-align: justify;\">Wir freuen uns schon auf 2019, blicken aber nun erstmal auf den ersten richtig schweren Brocken der Saison 2018 voraus: Die Sachsen-Rallye vom 24.-26.05.2018. Einem anspruchsvollen Lauf zur Deutschen Rallyemeisterschaft.<\/p>\n<p>Foto: Digitalfotografixx.de<\/p>\n","protected":false},"excerpt":{"rendered":"<p>1. Platz in Klasse F4, 6. Rang gesamt und bester Hecktriebler! Vor 3 Jahren fing hier alles an: Die Roland-Rallye 2015 war meine erste Rallye \u00fcberhaupt. Damals noch im BMW 328i auf gebrauchten Winterreifen &#8211; man wollte ja \u201enur mal schauen\u201c\u2026 Nach 2017 dieses Jahr nun schon zum 2. mal im BMW M3 und mit [&hellip;]<\/p>\n","protected":false},"author":1,"featured_media":1386,"comment_status":"closed","ping_status":"open","sticky":false,"template":"","format":"standard","meta":[],"categories":[10,5],"tags":[4],"yoast_head":"<!-- This site is optimized with the Yoast SEO plugin v21.8.1 - https:\/\/yoast.com\/wordpress\/plugins\/seo\/ -->\n<title>48. ADAC Roland-Rallye 14.04.2018 - IFM-Motorsport.de<\/title>\n<meta name=\"description\" content=\"nick heilborn rallye ihr-finanzfachmann.de\" \/>\n<meta name=\"robots\" content=\"index, follow, max-snippet:-1, max-image-preview:large, max-video-preview:-1\" \/>\n<link rel=\"canonical\" href=\"https:\/\/www.ifm-motorsport.de\/start\/48-adac-roland-rallye-14-04-2018\/\" \/>\n<meta property=\"og:locale\" content=\"de_DE\" \/>\n<meta property=\"og:type\" content=\"article\" \/>\n<meta property=\"og:title\" content=\"48. ADAC Roland-Rallye 14.04.2018 - IFM-Motorsport.de\" \/>\n<meta property=\"og:description\" content=\"nick heilborn rallye ihr-finanzfachmann.de\" \/>\n<meta property=\"og:url\" content=\"https:\/\/www.ifm-motorsport.de\/start\/48-adac-roland-rallye-14-04-2018\/\" \/>\n<meta property=\"og:site_name\" content=\"IFM-Motorsport.de\" \/>\n<meta property=\"article:publisher\" content=\"https:\/\/www.facebook.com\/Vermoegensberatung.Hermsdorf\" \/>\n<meta property=\"article:published_time\" content=\"2018-04-16T22:20:49+00:00\" \/>\n<meta property=\"article:modified_time\" content=\"2018-05-31T21:48:08+00:00\" \/>\n<meta property=\"og:image\" content=\"https:\/\/www.ifm-motorsport.de\/start\/wp-content\/uploads\/2018\/04\/595A7950-Kopie-1024x682.jpg\" \/>\n\t<meta property=\"og:image:width\" content=\"1024\" \/>\n\t<meta property=\"og:image:height\" content=\"682\" \/>\n\t<meta property=\"og:image:type\" content=\"image\/jpeg\" \/>\n<meta name=\"author\" content=\"admin\" \/>\n<meta name=\"twitter:card\" content=\"summary_large_image\" \/>\n<meta name=\"twitter:label1\" content=\"Verfasst von\" \/>\n\t<meta name=\"twitter:data1\" content=\"admin\" \/>\n\t<meta name=\"twitter:label2\" content=\"Gesch\u00e4tzte Lesezeit\" \/>\n\t<meta name=\"twitter:data2\" content=\"1\u00a0Minute\" \/>\n<script type=\"application\/ld+json\" class=\"yoast-schema-graph\">{\"@context\":\"https:\/\/schema.org\",\"@graph\":[{\"@type\":\"WebPage\",\"@id\":\"https:\/\/www.ifm-motorsport.de\/start\/48-adac-roland-rallye-14-04-2018\/\",\"url\":\"https:\/\/www.ifm-motorsport.de\/start\/48-adac-roland-rallye-14-04-2018\/\",\"name\":\"48. ADAC Roland-Rallye 14.04.2018 - IFM-Motorsport.de\",\"isPartOf\":{\"@id\":\"https:\/\/www.ifm-motorsport.de\/start\/#website\"},\"datePublished\":\"2018-04-16T22:20:49+00:00\",\"dateModified\":\"2018-05-31T21:48:08+00:00\",\"author\":{\"@id\":\"https:\/\/www.ifm-motorsport.de\/start\/#\/schema\/person\/eff8cb1eeb947fc2be384f468211b0fb\"},\"description\":\"nick heilborn rallye ihr-finanzfachmann.de\",\"breadcrumb\":{\"@id\":\"https:\/\/www.ifm-motorsport.de\/start\/48-adac-roland-rallye-14-04-2018\/#breadcrumb\"},\"inLanguage\":\"de\",\"potentialAction\":[{\"@type\":\"ReadAction\",\"target\":[\"https:\/\/www.ifm-motorsport.de\/start\/48-adac-roland-rallye-14-04-2018\/\"]}]},{\"@type\":\"BreadcrumbList\",\"@id\":\"https:\/\/www.ifm-motorsport.de\/start\/48-adac-roland-rallye-14-04-2018\/#breadcrumb\",\"itemListElement\":[{\"@type\":\"ListItem\",\"position\":1,\"name\":\"Home\",\"item\":\"https:\/\/www.ifm-motorsport.de\/start\/\"},{\"@type\":\"ListItem\",\"position\":2,\"name\":\"48. ADAC Roland-Rallye 14.04.2018\"}]},{\"@type\":\"WebSite\",\"@id\":\"https:\/\/www.ifm-motorsport.de\/start\/#website\",\"url\":\"https:\/\/www.ifm-motorsport.de\/start\/\",\"name\":\"IFM-Motorsport.de\",\"description\":\"\",\"potentialAction\":[{\"@type\":\"SearchAction\",\"target\":{\"@type\":\"EntryPoint\",\"urlTemplate\":\"https:\/\/www.ifm-motorsport.de\/start\/?s={search_term_string}\"},\"query-input\":\"required name=search_term_string\"}],\"inLanguage\":\"de\"},{\"@type\":\"Person\",\"@id\":\"https:\/\/www.ifm-motorsport.de\/start\/#\/schema\/person\/eff8cb1eeb947fc2be384f468211b0fb\",\"name\":\"admin\",\"image\":{\"@type\":\"ImageObject\",\"inLanguage\":\"de\",\"@id\":\"https:\/\/www.ifm-motorsport.de\/start\/#\/schema\/person\/image\/\",\"url\":\"https:\/\/secure.gravatar.com\/avatar\/d2e5ceb10b271dc096153cf6d0afa206?s=96&d=mm&r=g\",\"contentUrl\":\"https:\/\/secure.gravatar.com\/avatar\/d2e5ceb10b271dc096153cf6d0afa206?s=96&d=mm&r=g\",\"caption\":\"admin\"},\"url\":\"https:\/\/www.ifm-motorsport.de\/start\/author\/admin\/\"}]}<\/script>\n<!-- \/ Yoast SEO plugin. -->","yoast_head_json":{"title":"48. ADAC Roland-Rallye 14.04.2018 - IFM-Motorsport.de","description":"nick heilborn rallye ihr-finanzfachmann.de","robots":{"index":"index","follow":"follow","max-snippet":"max-snippet:-1","max-image-preview":"max-image-preview:large","max-video-preview":"max-video-preview:-1"},"canonical":"https:\/\/www.ifm-motorsport.de\/start\/48-adac-roland-rallye-14-04-2018\/","og_locale":"de_DE","og_type":"article","og_title":"48. ADAC Roland-Rallye 14.04.2018 - IFM-Motorsport.de","og_description":"nick heilborn rallye ihr-finanzfachmann.de","og_url":"https:\/\/www.ifm-motorsport.de\/start\/48-adac-roland-rallye-14-04-2018\/","og_site_name":"IFM-Motorsport.de","article_publisher":"https:\/\/www.facebook.com\/Vermoegensberatung.Hermsdorf","article_published_time":"2018-04-16T22:20:49+00:00","article_modified_time":"2018-05-31T21:48:08+00:00","og_image":[{"width":1024,"height":682,"url":"https:\/\/www.ifm-motorsport.de\/start\/wp-content\/uploads\/2018\/04\/595A7950-Kopie-1024x682.jpg","type":"image\/jpeg"}],"author":"admin","twitter_card":"summary_large_image","twitter_misc":{"Verfasst von":"admin","Gesch\u00e4tzte Lesezeit":"1\u00a0Minute"},"schema":{"@context":"https:\/\/schema.org","@graph":[{"@type":"WebPage","@id":"https:\/\/www.ifm-motorsport.de\/start\/48-adac-roland-rallye-14-04-2018\/","url":"https:\/\/www.ifm-motorsport.de\/start\/48-adac-roland-rallye-14-04-2018\/","name":"48. ADAC Roland-Rallye 14.04.2018 - IFM-Motorsport.de","isPartOf":{"@id":"https:\/\/www.ifm-motorsport.de\/start\/#website"},"datePublished":"2018-04-16T22:20:49+00:00","dateModified":"2018-05-31T21:48:08+00:00","author":{"@id":"https:\/\/www.ifm-motorsport.de\/start\/#\/schema\/person\/eff8cb1eeb947fc2be384f468211b0fb"},"description":"nick heilborn rallye ihr-finanzfachmann.de","breadcrumb":{"@id":"https:\/\/www.ifm-motorsport.de\/start\/48-adac-roland-rallye-14-04-2018\/#breadcrumb"},"inLanguage":"de","potentialAction":[{"@type":"ReadAction","target":["https:\/\/www.ifm-motorsport.de\/start\/48-adac-roland-rallye-14-04-2018\/"]}]},{"@type":"BreadcrumbList","@id":"https:\/\/www.ifm-motorsport.de\/start\/48-adac-roland-rallye-14-04-2018\/#breadcrumb","itemListElement":[{"@type":"ListItem","position":1,"name":"Home","item":"https:\/\/www.ifm-motorsport.de\/start\/"},{"@type":"ListItem","position":2,"name":"48. ADAC Roland-Rallye 14.04.2018"}]},{"@type":"WebSite","@id":"https:\/\/www.ifm-motorsport.de\/start\/#website","url":"https:\/\/www.ifm-motorsport.de\/start\/","name":"IFM-Motorsport.de","description":"","potentialAction":[{"@type":"SearchAction","target":{"@type":"EntryPoint","urlTemplate":"https:\/\/www.ifm-motorsport.de\/start\/?s={search_term_string}"},"query-input":"required name=search_term_string"}],"inLanguage":"de"},{"@type":"Person","@id":"https:\/\/www.ifm-motorsport.de\/start\/#\/schema\/person\/eff8cb1eeb947fc2be384f468211b0fb","name":"admin","image":{"@type":"ImageObject","inLanguage":"de","@id":"https:\/\/www.ifm-motorsport.de\/start\/#\/schema\/person\/image\/","url":"https:\/\/secure.gravatar.com\/avatar\/d2e5ceb10b271dc096153cf6d0afa206?s=96&d=mm&r=g","contentUrl":"https:\/\/secure.gravatar.com\/avatar\/d2e5ceb10b271dc096153cf6d0afa206?s=96&d=mm&r=g","caption":"admin"},"url":"https:\/\/www.ifm-motorsport.de\/start\/author\/admin\/"}]}},"jetpack_featured_media_url":"https:\/\/www.ifm-motorsport.de\/start\/wp-content\/uploads\/2018\/04\/595A7950-Kopie.jpg","jetpack_sharing_enabled":true,"_links":{"self":[{"href":"https:\/\/www.ifm-motorsport.de\/start\/wp-json\/wp\/v2\/posts\/1385"}],"collection":[{"href":"https:\/\/www.ifm-motorsport.de\/start\/wp-json\/wp\/v2\/posts"}],"about":[{"href":"https:\/\/www.ifm-motorsport.de\/start\/wp-json\/wp\/v2\/types\/post"}],"author":[{"embeddable":true,"href":"https:\/\/www.ifm-motorsport.de\/start\/wp-json\/wp\/v2\/users\/1"}],"replies":[{"embeddable":true,"href":"https:\/\/www.ifm-motorsport.de\/start\/wp-json\/wp\/v2\/comments?post=1385"}],"version-history":[{"count":5,"href":"https:\/\/www.ifm-motorsport.de\/start\/wp-json\/wp\/v2\/posts\/1385\/revisions"}],"predecessor-version":[{"id":1401,"href":"https:\/\/www.ifm-motorsport.de\/start\/wp-json\/wp\/v2\/posts\/1385\/revisions\/1401"}],"wp:featuredmedia":[{"embeddable":true,"href":"https:\/\/www.ifm-motorsport.de\/start\/wp-json\/wp\/v2\/media\/1386"}],"wp:attachment":[{"href":"https:\/\/www.ifm-motorsport.de\/start\/wp-json\/wp\/v2\/media?parent=1385"}],"wp:term":[{"taxonomy":"category","embeddable":true,"href":"https:\/\/www.ifm-motorsport.de\/start\/wp-json\/wp\/v2\/categories?post=1385"},{"taxonomy":"post_tag","embeddable":true,"href":"https:\/\/www.ifm-motorsport.de\/start\/wp-json\/wp\/v2\/tags?post=1385"}],"curies":[{"name":"wp","href":"https:\/\/api.w.org\/{rel}","templated":true}]}}