{"id":1455,"date":"2018-07-30T18:47:25","date_gmt":"2018-07-30T16:47:25","guid":{"rendered":"https:\/\/www.ifm-motorsport.de\/start\/?p=1455"},"modified":"2018-09-02T23:47:26","modified_gmt":"2018-09-02T21:47:26","slug":"58-adac-cosmo-rallye-wartburg-26-bis-28-juli-2018","status":"publish","type":"post","link":"https:\/\/www.ifm-motorsport.de\/start\/58-adac-cosmo-rallye-wartburg-26-bis-28-juli-2018\/","title":{"rendered":"58. ADAC Cosmo Rallye Wartburg &#8211; Eisenach 26. bis 28.07.2018"},"content":{"rendered":"<p style=\"text-align: justify;\">Die diesj\u00e4hrige Ausgabe der Rallye-Wartburg, beendeten wir erfolgreich auf Rang 2 in unserer Klasse und Rang 2 in der gesamten Division!<\/p>\n<p style=\"text-align: justify;\">Die Wartburg-Rallye\u00a0ging \u201eentspannt\u201c los, f\u00fcr Co-Pilotin Kathy Hess und mich: Bei angenehm milden Temperaturen von 35\u00b0 au\u00dferhalb und \u00fcber 50\u00b0 innerhalb des Autos, bummelten wir gelassen \u00fcber den -der sommerlichen Temperaturen wegen- eigenartig niedrig-viskosen Asphaltabschnitt, der die Ursache f\u00fcr den verlegten Start der WP1 sein sollte.<\/p>\n<p style=\"text-align: justify;\">Noch beeindruckt von dieser Szenerie, nahmen wir die ersten 2WPs offensichtlich doch etwas lethargisch unter die R\u00e4der, sodass uns unsere Wettbewerber bereits bereits auf den ersten Kilometern leider \u00fcberraschend weit einteilen konnten.<\/p>\n<p style=\"text-align: justify;\">Ab WP3 und 4 kamen wir dann aber so langsam in Schwung und es sollte allm\u00e4hlich besser laufen. WP5 -Cosmodrom by Night- brachten wir im gelegentlichen Blindflug durch zugezogenen Staubvorhang des Vordermanns auch noch irgendwie hinter uns und beendeten Tag 1 auf Pos. 3 in unserer Klasse und Pos. 4 in der Division.<\/p>\n<p style=\"text-align: justify;\">Am Tag 2 entschieden wir uns, die Gurte nun etwas fester zu ziehen und voll anzugreifen. Auf WP6 -mit Schotteranteil- konnten wir so auch direkt Boden gutmachen. WP7 lief auch ganz gut und durch den zeitgleichen Ausfall eines anderen Teams, lagen wir nun bereits auf Platz 2 in unserer Klasse &#8211; mit nur noch 11 Sekunden R\u00fcckstand.<\/p>\n<p style=\"text-align: justify;\">Die Marschrichtung war also klar ins Visier genommen und die Ansage, nun nochmals an der Gurtschlaufe zu ziehen, in Gedanken auch schon ausgesprochen. Bis.. ja bis wir auf der Verbindungsetappe durch einen dumpfen Schlag urpl\u00f6tzlich aus unserem beinahe meditativen Konzentrationsd\u00e4mmerschlaf gerissen wurden: Einer der beiden Befestigungsbolzen des hinteren Bremssattels hatte sich ohne Vorank\u00fcndigung gel\u00f6st und ins Nirvana verabschiedet.<span class=\"Apple-converted-space\">\u00a0<\/span><\/p>\n<p style=\"text-align: justify;\">Gerade noch voller Vorfreude auf die WP8 -Schotter war schlie\u00dflich wieder angesagt- waren wir nun pl\u00f6tzlich froh, dass diese kurzfristig abgesagt wurde! So mussten wir nun nur 2 Pr\u00fcfungen bis zum n\u00e4chsten, rettenden Service \u00fcberstehen. Statt also die Chance nutzen zu k\u00f6nnen, auf den beiden nassen WP9+10 den F\u00fchrenden unter Druck setzen zu k\u00f6nnen, bummelten wir nun mit kaum benutzbarer Bremse den Rennsteig hoch &#8211; und vor allem auch wieder runter!<\/p>\n<p style=\"text-align: justify;\">Dies klappte dann zum Gl\u00fcck auch irgendwie und dank der guten Arbeit unserer Mechaniker Aaron und Benny &#8211; der statt Co-Pilot zu sein, nun heuer mal ein Schrauber-Praktikum machen wollte- standen wir mit voll einsatzf\u00e4higem Auto p\u00fcnktlich am Start der WP 11.<\/p>\n<p style=\"text-align: justify;\">Die L\u00fccke nach vorn war durch den Defekt nun allerdings auf 34 Sekunden angewachsen, sodass an einen Klassensieg auf den letzten Kilometern nicht mehr zu denken war, zumal der Regen auf dem hei\u00dfen Asphalt inzwischen schon wieder verkocht war und mit \u201eCosmodrom\u201c und vor allem \u201eHohe Sonne\u201c noch 2 WPs auf uns warteten, auf denen unser PS-Nachteil im Trockenen voll zum Tragen kommen sollte.<\/p>\n<p style=\"text-align: justify;\">Zumindest in der selektiven WP \u201eWackenhof 2\u201c konnten wir dann aber eine Klassenbestzeit setzen und erreichten am Ende das Ziel auf Platz 2 in unserer Klasse und gleichzeitig auch P2 in der Division &#8211; mit 27,5 Sekunden R\u00fcckstand. Naja ok\u2026<\/p>\n<p style=\"text-align: justify;\">Unterm Strich hatten wir w\u00e4hrend der Wartburg-Rallye etwas Gl\u00fcck und etwas Pech, aber schlussendlich dennoch ein gutes Ergebnis eingefahren und auf jeden Fall eine Menge Fahrspa\u00df gehabt! Der ein oder andere Zuschauer wird das sicher best\u00e4tigen k\u00f6nnen. \ud83d\ude09<\/p>\n<p style=\"text-align: justify;\">Beitragsbild: Sascha D\u00f6rrenb\u00e4cher<\/p>\n<div data-carousel-extra='{\"blog_id\":1,\"permalink\":\"https:\\\/\\\/www.ifm-motorsport.de\\\/start\\\/58-adac-cosmo-rallye-wartburg-26-bis-28-juli-2018\\\/\"}' id='gallery-1' class='gallery galleryid-1455 gallery-columns-3 gallery-size-thumbnail'><figure class='gallery-item'>\n\t\t\t<div class='gallery-icon landscape'>\n\t\t\t\t<a href='https:\/\/www.ifm-motorsport.de\/start\/58-adac-cosmo-rallye-wartburg-26-bis-28-juli-2018\/dcim100goprogopr1670\/'><img width=\"150\" height=\"150\" src=\"https:\/\/www.ifm-motorsport.de\/start\/wp-content\/uploads\/2018\/07\/Wartb-Do-18-438-www.sascha-smf.de_-150x150.jpg\" class=\"attachment-thumbnail size-thumbnail\" alt=\"Rallye-Wartburg 2018 - Nick Heilborn und Katharina He\u00df, BMW M3\" decoding=\"async\" loading=\"lazy\" data-attachment-id=\"1554\" data-permalink=\"https:\/\/www.ifm-motorsport.de\/start\/58-adac-cosmo-rallye-wartburg-26-bis-28-juli-2018\/dcim100goprogopr1670\/\" data-orig-file=\"https:\/\/www.ifm-motorsport.de\/start\/wp-content\/uploads\/2018\/07\/Wartb-Do-18-438-www.sascha-smf.de_.jpg\" data-orig-size=\"1600,1200\" data-comments-opened=\"0\" data-image-meta=\"{&quot;aperture&quot;:&quot;2.8&quot;,&quot;credit&quot;:&quot;&quot;,&quot;camera&quot;:&quot;HERO4 Black&quot;,&quot;caption&quot;:&quot;DCIM100GOPROGOPR1670.&quot;,&quot;created_timestamp&quot;:&quot;1402383326&quot;,&quot;copyright&quot;:&quot;&quot;,&quot;focal_length&quot;:&quot;3&quot;,&quot;iso&quot;:&quot;257&quot;,&quot;shutter_speed&quot;:&quot;0.016666&quot;,&quot;title&quot;:&quot;DCIM100GOPROGOPR1670.&quot;,&quot;orientation&quot;:&quot;1&quot;}\" data-image-title=\"Rallye-Wartburg 2018 &#8211; Nick Heilborn und Katharina He\u00df, BMW M3\" data-image-description=\"&lt;p&gt;Rallye-Wartburg 2018 &#8211; Nick Heilborn und Katharina He\u00df, BMW M3&lt;\/p&gt;\n\" data-image-caption=\"\" data-medium-file=\"https:\/\/www.ifm-motorsport.de\/start\/wp-content\/uploads\/2018\/07\/Wartb-Do-18-438-www.sascha-smf.de_-300x225.jpg\" data-large-file=\"https:\/\/www.ifm-motorsport.de\/start\/wp-content\/uploads\/2018\/07\/Wartb-Do-18-438-www.sascha-smf.de_-1024x768.jpg\" \/><\/a>\n\t\t\t<\/div><\/figure><figure class='gallery-item'>\n\t\t\t<div class='gallery-icon landscape'>\n\t\t\t\t<a href='https:\/\/www.ifm-motorsport.de\/start\/58-adac-cosmo-rallye-wartburg-26-bis-28-juli-2018\/38869805_1093189237499034_4438843284462239744_n\/'><img width=\"150\" height=\"150\" src=\"https:\/\/www.ifm-motorsport.de\/start\/wp-content\/uploads\/2018\/07\/38869805_1093189237499034_4438843284462239744_n-150x150.jpg\" class=\"attachment-thumbnail size-thumbnail\" alt=\"Rallye-Wartburg 2018 - Nick Heilborn und Katharina He\u00df, BMW M3\" decoding=\"async\" loading=\"lazy\" data-attachment-id=\"1543\" data-permalink=\"https:\/\/www.ifm-motorsport.de\/start\/58-adac-cosmo-rallye-wartburg-26-bis-28-juli-2018\/38869805_1093189237499034_4438843284462239744_n\/\" data-orig-file=\"https:\/\/www.ifm-motorsport.de\/start\/wp-content\/uploads\/2018\/07\/38869805_1093189237499034_4438843284462239744_n.jpg\" data-orig-size=\"4096,2726\" data-comments-opened=\"0\" data-image-meta=\"{&quot;aperture&quot;:&quot;0&quot;,&quot;credit&quot;:&quot;&quot;,&quot;camera&quot;:&quot;&quot;,&quot;caption&quot;:&quot;&quot;,&quot;created_timestamp&quot;:&quot;0&quot;,&quot;copyright&quot;:&quot;&quot;,&quot;focal_length&quot;:&quot;0&quot;,&quot;iso&quot;:&quot;0&quot;,&quot;shutter_speed&quot;:&quot;0&quot;,&quot;title&quot;:&quot;&quot;,&quot;orientation&quot;:&quot;0&quot;}\" data-image-title=\"Rallye-Wartburg 2018 &#8211; Nick Heilborn und Katharina He\u00df, BMW M3\" data-image-description=\"&lt;p&gt;Rallye-Wartburg 2018 &#8211; Nick Heilborn und Katharina He\u00df, BMW M3&lt;\/p&gt;\n\" data-image-caption=\"\" data-medium-file=\"https:\/\/www.ifm-motorsport.de\/start\/wp-content\/uploads\/2018\/07\/38869805_1093189237499034_4438843284462239744_n-300x200.jpg\" data-large-file=\"https:\/\/www.ifm-motorsport.de\/start\/wp-content\/uploads\/2018\/07\/38869805_1093189237499034_4438843284462239744_n-1024x682.jpg\" \/><\/a>\n\t\t\t<\/div><\/figure><figure class='gallery-item'>\n\t\t\t<div class='gallery-icon landscape'>\n\t\t\t\t<a href='https:\/\/www.ifm-motorsport.de\/start\/58-adac-cosmo-rallye-wartburg-26-bis-28-juli-2018\/39001858_516719322074623_8199135818384670720_n\/'><img width=\"150\" height=\"150\" src=\"https:\/\/www.ifm-motorsport.de\/start\/wp-content\/uploads\/2018\/07\/39001858_516719322074623_8199135818384670720_n-150x150.jpg\" class=\"attachment-thumbnail size-thumbnail\" alt=\"Rallye-Wartburg 2018 - Nick Heilborn und Katharina He\u00df, BMW M3\" decoding=\"async\" loading=\"lazy\" data-attachment-id=\"1544\" data-permalink=\"https:\/\/www.ifm-motorsport.de\/start\/58-adac-cosmo-rallye-wartburg-26-bis-28-juli-2018\/39001858_516719322074623_8199135818384670720_n\/\" data-orig-file=\"https:\/\/www.ifm-motorsport.de\/start\/wp-content\/uploads\/2018\/07\/39001858_516719322074623_8199135818384670720_n.jpg\" data-orig-size=\"4096,2725\" data-comments-opened=\"0\" data-image-meta=\"{&quot;aperture&quot;:&quot;0&quot;,&quot;credit&quot;:&quot;&quot;,&quot;camera&quot;:&quot;&quot;,&quot;caption&quot;:&quot;&quot;,&quot;created_timestamp&quot;:&quot;0&quot;,&quot;copyright&quot;:&quot;&quot;,&quot;focal_length&quot;:&quot;0&quot;,&quot;iso&quot;:&quot;0&quot;,&quot;shutter_speed&quot;:&quot;0&quot;,&quot;title&quot;:&quot;&quot;,&quot;orientation&quot;:&quot;0&quot;}\" data-image-title=\"Rallye-Wartburg 2018 &#8211; Nick Heilborn und Katharina He\u00df, BMW M3\" data-image-description=\"&lt;p&gt;Rallye-Wartburg 2018 &#8211; Nick Heilborn und Katharina He\u00df, BMW M3&lt;\/p&gt;\n\" data-image-caption=\"\" data-medium-file=\"https:\/\/www.ifm-motorsport.de\/start\/wp-content\/uploads\/2018\/07\/39001858_516719322074623_8199135818384670720_n-300x200.jpg\" data-large-file=\"https:\/\/www.ifm-motorsport.de\/start\/wp-content\/uploads\/2018\/07\/39001858_516719322074623_8199135818384670720_n-1024x681.jpg\" \/><\/a>\n\t\t\t<\/div><\/figure><figure class='gallery-item'>\n\t\t\t<div class='gallery-icon landscape'>\n\t\t\t\t<a href='https:\/\/www.ifm-motorsport.de\/start\/58-adac-cosmo-rallye-wartburg-26-bis-28-juli-2018\/37965980_2169135336633308_4544288171847843840_o\/'><img width=\"150\" height=\"150\" src=\"https:\/\/www.ifm-motorsport.de\/start\/wp-content\/uploads\/2018\/07\/37965980_2169135336633308_4544288171847843840_o-150x150.jpg\" class=\"attachment-thumbnail size-thumbnail\" alt=\"Rallye-Wartburg 2018 - Nick Heilborn und Katharina He\u00df, BMW M3\" decoding=\"async\" loading=\"lazy\" data-attachment-id=\"1546\" data-permalink=\"https:\/\/www.ifm-motorsport.de\/start\/58-adac-cosmo-rallye-wartburg-26-bis-28-juli-2018\/37965980_2169135336633308_4544288171847843840_o\/\" data-orig-file=\"https:\/\/www.ifm-motorsport.de\/start\/wp-content\/uploads\/2018\/07\/37965980_2169135336633308_4544288171847843840_o.jpg\" data-orig-size=\"1756,1171\" data-comments-opened=\"0\" data-image-meta=\"{&quot;aperture&quot;:&quot;0&quot;,&quot;credit&quot;:&quot;rallye-pics.de&quot;,&quot;camera&quot;:&quot;&quot;,&quot;caption&quot;:&quot;&quot;,&quot;created_timestamp&quot;:&quot;0&quot;,&quot;copyright&quot;:&quot;rallye-pics.de&quot;,&quot;focal_length&quot;:&quot;0&quot;,&quot;iso&quot;:&quot;0&quot;,&quot;shutter_speed&quot;:&quot;0&quot;,&quot;title&quot;:&quot;&quot;,&quot;orientation&quot;:&quot;0&quot;}\" data-image-title=\"Rallye-Wartburg 2018 &#8211; Nick Heilborn und Katharina He\u00df, BMW M3\" data-image-description=\"&lt;p&gt;Rallye-Wartburg 2018 &#8211; Nick Heilborn und Katharina He\u00df, BMW M3&lt;\/p&gt;\n\" data-image-caption=\"\" data-medium-file=\"https:\/\/www.ifm-motorsport.de\/start\/wp-content\/uploads\/2018\/07\/37965980_2169135336633308_4544288171847843840_o-300x200.jpg\" data-large-file=\"https:\/\/www.ifm-motorsport.de\/start\/wp-content\/uploads\/2018\/07\/37965980_2169135336633308_4544288171847843840_o-1024x683.jpg\" \/><\/a>\n\t\t\t<\/div><\/figure><figure class='gallery-item'>\n\t\t\t<div class='gallery-icon landscape'>\n\t\t\t\t<a href='https:\/\/www.ifm-motorsport.de\/start\/58-adac-cosmo-rallye-wartburg-26-bis-28-juli-2018\/38846481_686003848434101_2591821289198977024_n\/'><img width=\"150\" height=\"150\" src=\"https:\/\/www.ifm-motorsport.de\/start\/wp-content\/uploads\/2018\/07\/38846481_686003848434101_2591821289198977024_n-150x150.jpg\" class=\"attachment-thumbnail size-thumbnail\" alt=\"Rallye-Wartburg 2018 - Nick Heilborn und Katharina He\u00df, BMW M3\" decoding=\"async\" loading=\"lazy\" data-attachment-id=\"1545\" data-permalink=\"https:\/\/www.ifm-motorsport.de\/start\/58-adac-cosmo-rallye-wartburg-26-bis-28-juli-2018\/38846481_686003848434101_2591821289198977024_n\/\" data-orig-file=\"https:\/\/www.ifm-motorsport.de\/start\/wp-content\/uploads\/2018\/07\/38846481_686003848434101_2591821289198977024_n.jpg\" data-orig-size=\"4096,2726\" data-comments-opened=\"0\" data-image-meta=\"{&quot;aperture&quot;:&quot;0&quot;,&quot;credit&quot;:&quot;&quot;,&quot;camera&quot;:&quot;&quot;,&quot;caption&quot;:&quot;&quot;,&quot;created_timestamp&quot;:&quot;0&quot;,&quot;copyright&quot;:&quot;&quot;,&quot;focal_length&quot;:&quot;0&quot;,&quot;iso&quot;:&quot;0&quot;,&quot;shutter_speed&quot;:&quot;0&quot;,&quot;title&quot;:&quot;&quot;,&quot;orientation&quot;:&quot;0&quot;}\" data-image-title=\"Rallye-Wartburg 2018 &#8211; Nick Heilborn und Katharina He\u00df, BMW M3\" data-image-description=\"&lt;p&gt;Rallye-Wartburg 2018 &#8211; Nick Heilborn und Katharina He\u00df, BMW M3 E36 Rally&lt;\/p&gt;\n\" data-image-caption=\"\" data-medium-file=\"https:\/\/www.ifm-motorsport.de\/start\/wp-content\/uploads\/2018\/07\/38846481_686003848434101_2591821289198977024_n-300x200.jpg\" data-large-file=\"https:\/\/www.ifm-motorsport.de\/start\/wp-content\/uploads\/2018\/07\/38846481_686003848434101_2591821289198977024_n-1024x682.jpg\" \/><\/a>\n\t\t\t<\/div><\/figure><figure class='gallery-item'>\n\t\t\t<div class='gallery-icon landscape'>\n\t\t\t\t<a href='https:\/\/www.ifm-motorsport.de\/start\/58-adac-cosmo-rallye-wartburg-26-bis-28-juli-2018\/whatsapp-image-2018-07-30-at-10-12-59\/'><img width=\"150\" height=\"150\" src=\"https:\/\/www.ifm-motorsport.de\/start\/wp-content\/uploads\/2018\/07\/WhatsApp-Image-2018-07-30-at-10.12.59-150x150.jpeg\" class=\"attachment-thumbnail size-thumbnail\" alt=\"Rallye-Wartburg 2018 - Nick Heilborn und Katharina He\u00df, BMW M3\" decoding=\"async\" loading=\"lazy\" data-attachment-id=\"1547\" data-permalink=\"https:\/\/www.ifm-motorsport.de\/start\/58-adac-cosmo-rallye-wartburg-26-bis-28-juli-2018\/whatsapp-image-2018-07-30-at-10-12-59\/\" data-orig-file=\"https:\/\/www.ifm-motorsport.de\/start\/wp-content\/uploads\/2018\/07\/WhatsApp-Image-2018-07-30-at-10.12.59.jpeg\" data-orig-size=\"1175,783\" data-comments-opened=\"0\" data-image-meta=\"{&quot;aperture&quot;:&quot;0&quot;,&quot;credit&quot;:&quot;&quot;,&quot;camera&quot;:&quot;&quot;,&quot;caption&quot;:&quot;&quot;,&quot;created_timestamp&quot;:&quot;0&quot;,&quot;copyright&quot;:&quot;&quot;,&quot;focal_length&quot;:&quot;0&quot;,&quot;iso&quot;:&quot;0&quot;,&quot;shutter_speed&quot;:&quot;0&quot;,&quot;title&quot;:&quot;&quot;,&quot;orientation&quot;:&quot;0&quot;}\" data-image-title=\"Rallye-Wartburg 2018 &#8211; Nick Heilborn und Katharina He\u00df, BMW M3\" data-image-description=\"&lt;p&gt;Rallye-Wartburg 2018 &#8211; Nick Heilborn und Katharina He\u00df, BMW M3&lt;\/p&gt;\n\" data-image-caption=\"\" data-medium-file=\"https:\/\/www.ifm-motorsport.de\/start\/wp-content\/uploads\/2018\/07\/WhatsApp-Image-2018-07-30-at-10.12.59-300x200.jpeg\" data-large-file=\"https:\/\/www.ifm-motorsport.de\/start\/wp-content\/uploads\/2018\/07\/WhatsApp-Image-2018-07-30-at-10.12.59-1024x682.jpeg\" \/><\/a>\n\t\t\t<\/div><\/figure><figure class='gallery-item'>\n\t\t\t<div class='gallery-icon landscape'>\n\t\t\t\t<a href='https:\/\/www.ifm-motorsport.de\/start\/58-adac-cosmo-rallye-wartburg-26-bis-28-juli-2018\/marko-schaplow\/'><img width=\"150\" height=\"150\" src=\"https:\/\/www.ifm-motorsport.de\/start\/wp-content\/uploads\/2018\/07\/Marko-Schaplow-150x150.jpg\" class=\"attachment-thumbnail size-thumbnail\" alt=\"Rallye-Wartburg 2018 - Nick Heilborn und Katharina He\u00df, BMW M3\" decoding=\"async\" loading=\"lazy\" data-attachment-id=\"1548\" data-permalink=\"https:\/\/www.ifm-motorsport.de\/start\/58-adac-cosmo-rallye-wartburg-26-bis-28-juli-2018\/marko-schaplow\/\" data-orig-file=\"https:\/\/www.ifm-motorsport.de\/start\/wp-content\/uploads\/2018\/07\/Marko-Schaplow.jpg\" data-orig-size=\"1944,1296\" data-comments-opened=\"0\" data-image-meta=\"{&quot;aperture&quot;:&quot;0&quot;,&quot;credit&quot;:&quot;&quot;,&quot;camera&quot;:&quot;&quot;,&quot;caption&quot;:&quot;&quot;,&quot;created_timestamp&quot;:&quot;0&quot;,&quot;copyright&quot;:&quot;&quot;,&quot;focal_length&quot;:&quot;0&quot;,&quot;iso&quot;:&quot;0&quot;,&quot;shutter_speed&quot;:&quot;0&quot;,&quot;title&quot;:&quot;&quot;,&quot;orientation&quot;:&quot;0&quot;}\" data-image-title=\"Rallye-Wartburg 2018 &#8211; Nick Heilborn und Katharina He\u00df, BMW M3\" data-image-description=\"&lt;p&gt;Rallye-Wartburg 2018 &#8211; Nick Heilborn und Katharina He\u00df, BMW M3 E36 Rally&lt;\/p&gt;\n\" data-image-caption=\"\" data-medium-file=\"https:\/\/www.ifm-motorsport.de\/start\/wp-content\/uploads\/2018\/07\/Marko-Schaplow-300x200.jpg\" data-large-file=\"https:\/\/www.ifm-motorsport.de\/start\/wp-content\/uploads\/2018\/07\/Marko-Schaplow-1024x683.jpg\" \/><\/a>\n\t\t\t<\/div><\/figure><figure class='gallery-item'>\n\t\t\t<div class='gallery-icon landscape'>\n\t\t\t\t<a href='https:\/\/www.ifm-motorsport.de\/start\/58-adac-cosmo-rallye-wartburg-26-bis-28-juli-2018\/wartb-sa1-18-184-www-sascha-smf-de\/'><img width=\"150\" height=\"150\" src=\"https:\/\/www.ifm-motorsport.de\/start\/wp-content\/uploads\/2018\/07\/Wartb-Sa1-18-184-www.sascha-smf.de_-150x150.jpg\" class=\"attachment-thumbnail size-thumbnail\" alt=\"Rallye-Wartburg 2018 - Nick Heilborn und Katharina He\u00df, BMW M3\" decoding=\"async\" loading=\"lazy\" data-attachment-id=\"1557\" data-permalink=\"https:\/\/www.ifm-motorsport.de\/start\/58-adac-cosmo-rallye-wartburg-26-bis-28-juli-2018\/wartb-sa1-18-184-www-sascha-smf-de\/\" data-orig-file=\"https:\/\/www.ifm-motorsport.de\/start\/wp-content\/uploads\/2018\/07\/Wartb-Sa1-18-184-www.sascha-smf.de_.jpg\" data-orig-size=\"1800,1200\" data-comments-opened=\"0\" data-image-meta=\"{&quot;aperture&quot;:&quot;10&quot;,&quot;credit&quot;:&quot;&quot;,&quot;camera&quot;:&quot;Canon EOS-1D X Mark II&quot;,&quot;caption&quot;:&quot;&quot;,&quot;created_timestamp&quot;:&quot;1532768355&quot;,&quot;copyright&quot;:&quot;&quot;,&quot;focal_length&quot;:&quot;400&quot;,&quot;iso&quot;:&quot;200&quot;,&quot;shutter_speed&quot;:&quot;0.0025&quot;,&quot;title&quot;:&quot;&quot;,&quot;orientation&quot;:&quot;1&quot;}\" data-image-title=\"Rallye-Wartburg 2018 &#8211; Nick Heilborn und Katharina He\u00df, BMW M3\" data-image-description=\"&lt;p&gt;Rallye-Wartburg 2018 &#8211; Nick Heilborn und Katharina He\u00df, BMW M3 E36 Rally&lt;\/p&gt;\n\" data-image-caption=\"\" data-medium-file=\"https:\/\/www.ifm-motorsport.de\/start\/wp-content\/uploads\/2018\/07\/Wartb-Sa1-18-184-www.sascha-smf.de_-300x200.jpg\" data-large-file=\"https:\/\/www.ifm-motorsport.de\/start\/wp-content\/uploads\/2018\/07\/Wartb-Sa1-18-184-www.sascha-smf.de_-1024x683.jpg\" \/><\/a>\n\t\t\t<\/div><\/figure><figure class='gallery-item'>\n\t\t\t<div class='gallery-icon landscape'>\n\t\t\t\t<a href='https:\/\/www.ifm-motorsport.de\/start\/58-adac-cosmo-rallye-wartburg-26-bis-28-juli-2018\/wartb-fr-18-00162-www-sascha-smf-de\/'><img width=\"150\" height=\"150\" src=\"https:\/\/www.ifm-motorsport.de\/start\/wp-content\/uploads\/2018\/07\/Wartb-Fr-18-00162-www.sascha-smf.de_-150x150.jpg\" class=\"attachment-thumbnail size-thumbnail\" alt=\"Rallye-Wartburg 2018 - Nick Heilborn und Katharina He\u00df, BMW M3\" decoding=\"async\" loading=\"lazy\" data-attachment-id=\"1555\" data-permalink=\"https:\/\/www.ifm-motorsport.de\/start\/58-adac-cosmo-rallye-wartburg-26-bis-28-juli-2018\/wartb-fr-18-00162-www-sascha-smf-de\/\" data-orig-file=\"https:\/\/www.ifm-motorsport.de\/start\/wp-content\/uploads\/2018\/07\/Wartb-Fr-18-00162-www.sascha-smf.de_.jpg\" data-orig-size=\"1800,1200\" data-comments-opened=\"0\" data-image-meta=\"{&quot;aperture&quot;:&quot;11&quot;,&quot;credit&quot;:&quot;&quot;,&quot;camera&quot;:&quot;Canon EOS-1D X Mark II&quot;,&quot;caption&quot;:&quot;&quot;,&quot;created_timestamp&quot;:&quot;1532707066&quot;,&quot;copyright&quot;:&quot;&quot;,&quot;focal_length&quot;:&quot;29&quot;,&quot;iso&quot;:&quot;200&quot;,&quot;shutter_speed&quot;:&quot;0.0166666666667&quot;,&quot;title&quot;:&quot;&quot;,&quot;orientation&quot;:&quot;1&quot;}\" data-image-title=\"Rallye-Wartburg 2018 &#8211; Nick Heilborn und Katharina He\u00df, BMW M3\" data-image-description=\"&lt;p&gt;Rallye-Wartburg 2018 &#8211; Nick Heilborn und Katharina He\u00df, BMW M3 E36 Rally&lt;\/p&gt;\n\" data-image-caption=\"\" data-medium-file=\"https:\/\/www.ifm-motorsport.de\/start\/wp-content\/uploads\/2018\/07\/Wartb-Fr-18-00162-www.sascha-smf.de_-300x200.jpg\" data-large-file=\"https:\/\/www.ifm-motorsport.de\/start\/wp-content\/uploads\/2018\/07\/Wartb-Fr-18-00162-www.sascha-smf.de_-1024x683.jpg\" \/><\/a>\n\t\t\t<\/div><\/figure><figure class='gallery-item'>\n\t\t\t<div class='gallery-icon landscape'>\n\t\t\t\t<a href='https:\/\/www.ifm-motorsport.de\/start\/58-adac-cosmo-rallye-wartburg-26-bis-28-juli-2018\/37967732_2043513669057238_5663985819497529344_o\/'><img width=\"150\" height=\"150\" src=\"https:\/\/www.ifm-motorsport.de\/start\/wp-content\/uploads\/2018\/07\/37967732_2043513669057238_5663985819497529344_o-150x150.jpg\" class=\"attachment-thumbnail size-thumbnail\" alt=\"Rallye-Wartburg 2018 - Nick Heilborn und Katharina He\u00df, BMW M3\" decoding=\"async\" loading=\"lazy\" data-attachment-id=\"1551\" data-permalink=\"https:\/\/www.ifm-motorsport.de\/start\/58-adac-cosmo-rallye-wartburg-26-bis-28-juli-2018\/37967732_2043513669057238_5663985819497529344_o\/\" data-orig-file=\"https:\/\/www.ifm-motorsport.de\/start\/wp-content\/uploads\/2018\/07\/37967732_2043513669057238_5663985819497529344_o.jpg\" data-orig-size=\"1250,833\" data-comments-opened=\"0\" data-image-meta=\"{&quot;aperture&quot;:&quot;0&quot;,&quot;credit&quot;:&quot;Michael Brutz&quot;,&quot;camera&quot;:&quot;&quot;,&quot;caption&quot;:&quot;&quot;,&quot;created_timestamp&quot;:&quot;0&quot;,&quot;copyright&quot;:&quot;MB&quot;,&quot;focal_length&quot;:&quot;0&quot;,&quot;iso&quot;:&quot;0&quot;,&quot;shutter_speed&quot;:&quot;0&quot;,&quot;title&quot;:&quot;&quot;,&quot;orientation&quot;:&quot;0&quot;}\" data-image-title=\"Rallye-Wartburg 2018 &#8211; Nick Heilborn und Katharina He\u00df, BMW M3\" data-image-description=\"&lt;p&gt;Rallye-Wartburg 2018 &#8211; Nick Heilborn und Katharina He\u00df, BMW M3 E36 Rally&lt;\/p&gt;\n\" data-image-caption=\"\" data-medium-file=\"https:\/\/www.ifm-motorsport.de\/start\/wp-content\/uploads\/2018\/07\/37967732_2043513669057238_5663985819497529344_o-300x200.jpg\" data-large-file=\"https:\/\/www.ifm-motorsport.de\/start\/wp-content\/uploads\/2018\/07\/37967732_2043513669057238_5663985819497529344_o-1024x682.jpg\" \/><\/a>\n\t\t\t<\/div><\/figure><figure class='gallery-item'>\n\t\t\t<div class='gallery-icon landscape'>\n\t\t\t\t<a href='https:\/\/www.ifm-motorsport.de\/start\/58-adac-cosmo-rallye-wartburg-26-bis-28-juli-2018\/37971861_2169136403299868_7116645326391345152_o\/'><img width=\"150\" height=\"150\" src=\"https:\/\/www.ifm-motorsport.de\/start\/wp-content\/uploads\/2018\/07\/37971861_2169136403299868_7116645326391345152_o-150x150.jpg\" class=\"attachment-thumbnail size-thumbnail\" alt=\"Rallye-Wartburg 2018 - Nick Heilborn und Katharina He\u00df, BMW M3\" decoding=\"async\" loading=\"lazy\" data-attachment-id=\"1549\" data-permalink=\"https:\/\/www.ifm-motorsport.de\/start\/58-adac-cosmo-rallye-wartburg-26-bis-28-juli-2018\/37971861_2169136403299868_7116645326391345152_o\/\" data-orig-file=\"https:\/\/www.ifm-motorsport.de\/start\/wp-content\/uploads\/2018\/07\/37971861_2169136403299868_7116645326391345152_o.jpg\" data-orig-size=\"2005,1337\" data-comments-opened=\"0\" data-image-meta=\"{&quot;aperture&quot;:&quot;0&quot;,&quot;credit&quot;:&quot;&quot;,&quot;camera&quot;:&quot;&quot;,&quot;caption&quot;:&quot;&quot;,&quot;created_timestamp&quot;:&quot;0&quot;,&quot;copyright&quot;:&quot;&quot;,&quot;focal_length&quot;:&quot;0&quot;,&quot;iso&quot;:&quot;0&quot;,&quot;shutter_speed&quot;:&quot;0&quot;,&quot;title&quot;:&quot;&quot;,&quot;orientation&quot;:&quot;0&quot;}\" data-image-title=\"Rallye-Wartburg 2018 &#8211; Nick Heilborn und Katharina He\u00df, BMW M3\" data-image-description=\"&lt;p&gt;Rallye-Wartburg 2018 &#8211; Nick Heilborn und Katharina He\u00df, BMW M3&lt;\/p&gt;\n\" data-image-caption=\"\" data-medium-file=\"https:\/\/www.ifm-motorsport.de\/start\/wp-content\/uploads\/2018\/07\/37971861_2169136403299868_7116645326391345152_o-300x200.jpg\" data-large-file=\"https:\/\/www.ifm-motorsport.de\/start\/wp-content\/uploads\/2018\/07\/37971861_2169136403299868_7116645326391345152_o-1024x683.jpg\" \/><\/a>\n\t\t\t<\/div><\/figure><figure class='gallery-item'>\n\t\t\t<div class='gallery-icon landscape'>\n\t\t\t\t<a href='https:\/\/www.ifm-motorsport.de\/start\/58-adac-cosmo-rallye-wartburg-26-bis-28-juli-2018\/37993245_2164436616903239_4355379588725997568_o\/'><img width=\"150\" height=\"150\" src=\"https:\/\/www.ifm-motorsport.de\/start\/wp-content\/uploads\/2018\/07\/37993245_2164436616903239_4355379588725997568_o-150x150.jpg\" class=\"attachment-thumbnail size-thumbnail\" alt=\"Rallye-Wartburg 2018 - Nick Heilborn und Katharina He\u00df, BMW M3\" decoding=\"async\" loading=\"lazy\" data-attachment-id=\"1550\" data-permalink=\"https:\/\/www.ifm-motorsport.de\/start\/58-adac-cosmo-rallye-wartburg-26-bis-28-juli-2018\/37993245_2164436616903239_4355379588725997568_o\/\" data-orig-file=\"https:\/\/www.ifm-motorsport.de\/start\/wp-content\/uploads\/2018\/07\/37993245_2164436616903239_4355379588725997568_o.jpg\" data-orig-size=\"1848,1230\" data-comments-opened=\"0\" data-image-meta=\"{&quot;aperture&quot;:&quot;0&quot;,&quot;credit&quot;:&quot;Simon_Staeudten&quot;,&quot;camera&quot;:&quot;&quot;,&quot;caption&quot;:&quot;&quot;,&quot;created_timestamp&quot;:&quot;0&quot;,&quot;copyright&quot;:&quot;Simon_Staeudten&quot;,&quot;focal_length&quot;:&quot;0&quot;,&quot;iso&quot;:&quot;0&quot;,&quot;shutter_speed&quot;:&quot;0&quot;,&quot;title&quot;:&quot;&quot;,&quot;orientation&quot;:&quot;0&quot;}\" data-image-title=\"Rallye-Wartburg 2018 &#8211; Nick Heilborn und Katharina He\u00df, BMW M3\" data-image-description=\"&lt;p&gt;Rallye-Wartburg 2018 &#8211; Nick Heilborn und Katharina He\u00df, BMW M3&lt;\/p&gt;\n\" data-image-caption=\"\" data-medium-file=\"https:\/\/www.ifm-motorsport.de\/start\/wp-content\/uploads\/2018\/07\/37993245_2164436616903239_4355379588725997568_o-300x200.jpg\" data-large-file=\"https:\/\/www.ifm-motorsport.de\/start\/wp-content\/uploads\/2018\/07\/37993245_2164436616903239_4355379588725997568_o-1024x682.jpg\" \/><\/a>\n\t\t\t<\/div><\/figure><figure class='gallery-item'>\n\t\t\t<div class='gallery-icon landscape'>\n\t\t\t\t<a href='https:\/\/www.ifm-motorsport.de\/start\/58-adac-cosmo-rallye-wartburg-26-bis-28-juli-2018\/37973477_2043569382385000_2458975244904300544_o\/'><img width=\"150\" height=\"150\" src=\"https:\/\/www.ifm-motorsport.de\/start\/wp-content\/uploads\/2018\/07\/37973477_2043569382385000_2458975244904300544_o-150x150.jpg\" class=\"attachment-thumbnail size-thumbnail\" alt=\"Rallye-Wartburg 2018 - Nick Heilborn und Katharina He\u00df, BMW M3\" decoding=\"async\" loading=\"lazy\" data-attachment-id=\"1552\" data-permalink=\"https:\/\/www.ifm-motorsport.de\/start\/58-adac-cosmo-rallye-wartburg-26-bis-28-juli-2018\/37973477_2043569382385000_2458975244904300544_o\/\" data-orig-file=\"https:\/\/www.ifm-motorsport.de\/start\/wp-content\/uploads\/2018\/07\/37973477_2043569382385000_2458975244904300544_o.jpg\" data-orig-size=\"1094,729\" data-comments-opened=\"0\" data-image-meta=\"{&quot;aperture&quot;:&quot;0&quot;,&quot;credit&quot;:&quot;Michael Brutz&quot;,&quot;camera&quot;:&quot;&quot;,&quot;caption&quot;:&quot;&quot;,&quot;created_timestamp&quot;:&quot;0&quot;,&quot;copyright&quot;:&quot;MB&quot;,&quot;focal_length&quot;:&quot;0&quot;,&quot;iso&quot;:&quot;0&quot;,&quot;shutter_speed&quot;:&quot;0&quot;,&quot;title&quot;:&quot;&quot;,&quot;orientation&quot;:&quot;0&quot;}\" data-image-title=\"Rallye-Wartburg 2018 &#8211; Nick Heilborn und Katharina He\u00df, BMW M3\" data-image-description=\"&lt;p&gt;Rallye-Wartburg 2018 &#8211; Nick Heilborn und Katharina He\u00df, BMW M3&lt;\/p&gt;\n\" data-image-caption=\"\" data-medium-file=\"https:\/\/www.ifm-motorsport.de\/start\/wp-content\/uploads\/2018\/07\/37973477_2043569382385000_2458975244904300544_o-300x200.jpg\" data-large-file=\"https:\/\/www.ifm-motorsport.de\/start\/wp-content\/uploads\/2018\/07\/37973477_2043569382385000_2458975244904300544_o-1024x682.jpg\" \/><\/a>\n\t\t\t<\/div><\/figure><figure class='gallery-item'>\n\t\t\t<div class='gallery-icon landscape'>\n\t\t\t\t<a href='https:\/\/www.ifm-motorsport.de\/start\/58-adac-cosmo-rallye-wartburg-26-bis-28-juli-2018\/img_6435\/'><img width=\"150\" height=\"150\" src=\"https:\/\/www.ifm-motorsport.de\/start\/wp-content\/uploads\/2018\/07\/IMG_6435-150x150.jpg\" class=\"attachment-thumbnail size-thumbnail\" alt=\"Rallye-Wartburg 2018 - Nick Heilborn und Katharina He\u00df, BMW M3\" decoding=\"async\" loading=\"lazy\" data-attachment-id=\"1553\" data-permalink=\"https:\/\/www.ifm-motorsport.de\/start\/58-adac-cosmo-rallye-wartburg-26-bis-28-juli-2018\/img_6435\/\" data-orig-file=\"https:\/\/www.ifm-motorsport.de\/start\/wp-content\/uploads\/2018\/07\/IMG_6435.jpg\" data-orig-size=\"4032,3024\" data-comments-opened=\"0\" data-image-meta=\"{&quot;aperture&quot;:&quot;1.8&quot;,&quot;credit&quot;:&quot;&quot;,&quot;camera&quot;:&quot;iPhone 7&quot;,&quot;caption&quot;:&quot;&quot;,&quot;created_timestamp&quot;:&quot;1532818041&quot;,&quot;copyright&quot;:&quot;&quot;,&quot;focal_length&quot;:&quot;3.99&quot;,&quot;iso&quot;:&quot;400&quot;,&quot;shutter_speed&quot;:&quot;0.0588235294118&quot;,&quot;title&quot;:&quot;&quot;,&quot;orientation&quot;:&quot;1&quot;}\" data-image-title=\"Rallye-Wartburg 2018 &#8211; Nick Heilborn und Katharina He\u00df, BMW M3\" data-image-description=\"&lt;p&gt;Rallye-Wartburg 2018 &#8211; Nick Heilborn und Katharina He\u00df, BMW M3&lt;\/p&gt;\n\" data-image-caption=\"\" data-medium-file=\"https:\/\/www.ifm-motorsport.de\/start\/wp-content\/uploads\/2018\/07\/IMG_6435-300x225.jpg\" data-large-file=\"https:\/\/www.ifm-motorsport.de\/start\/wp-content\/uploads\/2018\/07\/IMG_6435-1024x768.jpg\" \/><\/a>\n\t\t\t<\/div><\/figure><figure class='gallery-item'>\n\t\t\t<div class='gallery-icon landscape'>\n\t\t\t\t<a href='https:\/\/www.ifm-motorsport.de\/start\/58-adac-cosmo-rallye-wartburg-26-bis-28-juli-2018\/wartb-fr-18-00425-www-sascha-smf-de\/'><img width=\"150\" height=\"150\" src=\"https:\/\/www.ifm-motorsport.de\/start\/wp-content\/uploads\/2018\/07\/Wartb-Fr-18-00425-www.sascha-smf.de_-150x150.jpg\" class=\"attachment-thumbnail size-thumbnail\" alt=\"Rallye-Wartburg 2018 - Nick Heilborn und Katharina He\u00df, BMW M3\" decoding=\"async\" loading=\"lazy\" data-attachment-id=\"1556\" data-permalink=\"https:\/\/www.ifm-motorsport.de\/start\/58-adac-cosmo-rallye-wartburg-26-bis-28-juli-2018\/wartb-fr-18-00425-www-sascha-smf-de\/\" data-orig-file=\"https:\/\/www.ifm-motorsport.de\/start\/wp-content\/uploads\/2018\/07\/Wartb-Fr-18-00425-www.sascha-smf.de_.jpg\" data-orig-size=\"1800,1200\" data-comments-opened=\"0\" data-image-meta=\"{&quot;aperture&quot;:&quot;4.5&quot;,&quot;credit&quot;:&quot;&quot;,&quot;camera&quot;:&quot;Canon EOS-1D X Mark II&quot;,&quot;caption&quot;:&quot;&quot;,&quot;created_timestamp&quot;:&quot;1532719901&quot;,&quot;copyright&quot;:&quot;&quot;,&quot;focal_length&quot;:&quot;50&quot;,&quot;iso&quot;:&quot;800&quot;,&quot;shutter_speed&quot;:&quot;0.005&quot;,&quot;title&quot;:&quot;&quot;,&quot;orientation&quot;:&quot;1&quot;}\" data-image-title=\"Rallye-Wartburg 2018 &#8211; Nick Heilborn und Katharina He\u00df, BMW M3\" data-image-description=\"&lt;p&gt;Rallye-Wartburg 2018 &#8211; Nick Heilborn und Katharina He\u00df, BMW M3&lt;\/p&gt;\n\" data-image-caption=\"\" data-medium-file=\"https:\/\/www.ifm-motorsport.de\/start\/wp-content\/uploads\/2018\/07\/Wartb-Fr-18-00425-www.sascha-smf.de_-300x200.jpg\" data-large-file=\"https:\/\/www.ifm-motorsport.de\/start\/wp-content\/uploads\/2018\/07\/Wartb-Fr-18-00425-www.sascha-smf.de_-1024x683.jpg\" \/><\/a>\n\t\t\t<\/div><\/figure>\n\t\t<\/div>\n\n","protected":false},"excerpt":{"rendered":"<p>Die diesj\u00e4hrige Ausgabe der Rallye-Wartburg, beendeten wir erfolgreich auf Rang 2 in unserer Klasse und Rang 2 in der gesamten Division! Die Wartburg-Rallye\u00a0ging \u201eentspannt\u201c los, f\u00fcr Co-Pilotin Kathy Hess und mich: Bei angenehm milden Temperaturen von 35\u00b0 au\u00dferhalb und \u00fcber 50\u00b0 innerhalb des Autos, bummelten wir gelassen \u00fcber den -der sommerlichen Temperaturen wegen- eigenartig niedrig-viskosen [&hellip;]<\/p>\n","protected":false},"author":1,"featured_media":1456,"comment_status":"closed","ping_status":"open","sticky":false,"template":"","format":"standard","meta":[],"categories":[10,6,5],"tags":[4],"yoast_head":"<!-- This site is optimized with the Yoast SEO plugin v21.8.1 - https:\/\/yoast.com\/wordpress\/plugins\/seo\/ -->\n<title>58. ADAC Cosmo Rallye Wartburg - Eisenach 26. bis 28.07.2018 - IFM-Motorsport.de<\/title>\n<meta name=\"description\" content=\"nick heilborn rallye ihr-finanzfachmann.de\" \/>\n<meta name=\"robots\" content=\"index, follow, max-snippet:-1, max-image-preview:large, max-video-preview:-1\" \/>\n<link rel=\"canonical\" href=\"https:\/\/www.ifm-motorsport.de\/start\/58-adac-cosmo-rallye-wartburg-26-bis-28-juli-2018\/\" \/>\n<meta property=\"og:locale\" content=\"de_DE\" \/>\n<meta property=\"og:type\" content=\"article\" \/>\n<meta property=\"og:title\" content=\"58. ADAC Cosmo Rallye Wartburg - Eisenach 26. bis 28.07.2018 - IFM-Motorsport.de\" \/>\n<meta property=\"og:description\" content=\"nick heilborn rallye ihr-finanzfachmann.de\" \/>\n<meta property=\"og:url\" content=\"https:\/\/www.ifm-motorsport.de\/start\/58-adac-cosmo-rallye-wartburg-26-bis-28-juli-2018\/\" \/>\n<meta property=\"og:site_name\" content=\"IFM-Motorsport.de\" \/>\n<meta property=\"article:publisher\" content=\"https:\/\/www.facebook.com\/Vermoegensberatung.Hermsdorf\" \/>\n<meta property=\"article:published_time\" content=\"2018-07-30T16:47:25+00:00\" \/>\n<meta property=\"article:modified_time\" content=\"2018-09-02T21:47:26+00:00\" \/>\n<meta property=\"og:image\" content=\"https:\/\/www.ifm-motorsport.de\/start\/wp-content\/uploads\/2018\/07\/Wartb-Fr-18-00423-www.sascha-smf.de_.jpg\" \/>\n\t<meta property=\"og:image:width\" content=\"1800\" \/>\n\t<meta property=\"og:image:height\" content=\"1200\" \/>\n\t<meta property=\"og:image:type\" content=\"image\/jpeg\" \/>\n<meta name=\"author\" content=\"admin\" \/>\n<meta name=\"twitter:card\" content=\"summary_large_image\" \/>\n<meta name=\"twitter:label1\" content=\"Verfasst von\" \/>\n\t<meta name=\"twitter:data1\" content=\"admin\" \/>\n\t<meta name=\"twitter:label2\" content=\"Gesch\u00e4tzte Lesezeit\" \/>\n\t<meta name=\"twitter:data2\" content=\"3\u00a0Minuten\" \/>\n<script type=\"application\/ld+json\" class=\"yoast-schema-graph\">{\"@context\":\"https:\/\/schema.org\",\"@graph\":[{\"@type\":\"WebPage\",\"@id\":\"https:\/\/www.ifm-motorsport.de\/start\/58-adac-cosmo-rallye-wartburg-26-bis-28-juli-2018\/\",\"url\":\"https:\/\/www.ifm-motorsport.de\/start\/58-adac-cosmo-rallye-wartburg-26-bis-28-juli-2018\/\",\"name\":\"58. ADAC Cosmo Rallye Wartburg - Eisenach 26. bis 28.07.2018 - IFM-Motorsport.de\",\"isPartOf\":{\"@id\":\"https:\/\/www.ifm-motorsport.de\/start\/#website\"},\"datePublished\":\"2018-07-30T16:47:25+00:00\",\"dateModified\":\"2018-09-02T21:47:26+00:00\",\"author\":{\"@id\":\"https:\/\/www.ifm-motorsport.de\/start\/#\/schema\/person\/eff8cb1eeb947fc2be384f468211b0fb\"},\"description\":\"nick heilborn rallye ihr-finanzfachmann.de\",\"breadcrumb\":{\"@id\":\"https:\/\/www.ifm-motorsport.de\/start\/58-adac-cosmo-rallye-wartburg-26-bis-28-juli-2018\/#breadcrumb\"},\"inLanguage\":\"de\",\"potentialAction\":[{\"@type\":\"ReadAction\",\"target\":[\"https:\/\/www.ifm-motorsport.de\/start\/58-adac-cosmo-rallye-wartburg-26-bis-28-juli-2018\/\"]}]},{\"@type\":\"BreadcrumbList\",\"@id\":\"https:\/\/www.ifm-motorsport.de\/start\/58-adac-cosmo-rallye-wartburg-26-bis-28-juli-2018\/#breadcrumb\",\"itemListElement\":[{\"@type\":\"ListItem\",\"position\":1,\"name\":\"Home\",\"item\":\"https:\/\/www.ifm-motorsport.de\/start\/\"},{\"@type\":\"ListItem\",\"position\":2,\"name\":\"58. ADAC Cosmo Rallye Wartburg &#8211; Eisenach 26. bis 28.07.2018\"}]},{\"@type\":\"WebSite\",\"@id\":\"https:\/\/www.ifm-motorsport.de\/start\/#website\",\"url\":\"https:\/\/www.ifm-motorsport.de\/start\/\",\"name\":\"IFM-Motorsport.de\",\"description\":\"\",\"potentialAction\":[{\"@type\":\"SearchAction\",\"target\":{\"@type\":\"EntryPoint\",\"urlTemplate\":\"https:\/\/www.ifm-motorsport.de\/start\/?s={search_term_string}\"},\"query-input\":\"required name=search_term_string\"}],\"inLanguage\":\"de\"},{\"@type\":\"Person\",\"@id\":\"https:\/\/www.ifm-motorsport.de\/start\/#\/schema\/person\/eff8cb1eeb947fc2be384f468211b0fb\",\"name\":\"admin\",\"image\":{\"@type\":\"ImageObject\",\"inLanguage\":\"de\",\"@id\":\"https:\/\/www.ifm-motorsport.de\/start\/#\/schema\/person\/image\/\",\"url\":\"https:\/\/secure.gravatar.com\/avatar\/d2e5ceb10b271dc096153cf6d0afa206?s=96&d=mm&r=g\",\"contentUrl\":\"https:\/\/secure.gravatar.com\/avatar\/d2e5ceb10b271dc096153cf6d0afa206?s=96&d=mm&r=g\",\"caption\":\"admin\"},\"url\":\"https:\/\/www.ifm-motorsport.de\/start\/author\/admin\/\"}]}<\/script>\n<!-- \/ Yoast SEO plugin. -->","yoast_head_json":{"title":"58. ADAC Cosmo Rallye Wartburg - Eisenach 26. bis 28.07.2018 - IFM-Motorsport.de","description":"nick heilborn rallye ihr-finanzfachmann.de","robots":{"index":"index","follow":"follow","max-snippet":"max-snippet:-1","max-image-preview":"max-image-preview:large","max-video-preview":"max-video-preview:-1"},"canonical":"https:\/\/www.ifm-motorsport.de\/start\/58-adac-cosmo-rallye-wartburg-26-bis-28-juli-2018\/","og_locale":"de_DE","og_type":"article","og_title":"58. ADAC Cosmo Rallye Wartburg - Eisenach 26. bis 28.07.2018 - IFM-Motorsport.de","og_description":"nick heilborn rallye ihr-finanzfachmann.de","og_url":"https:\/\/www.ifm-motorsport.de\/start\/58-adac-cosmo-rallye-wartburg-26-bis-28-juli-2018\/","og_site_name":"IFM-Motorsport.de","article_publisher":"https:\/\/www.facebook.com\/Vermoegensberatung.Hermsdorf","article_published_time":"2018-07-30T16:47:25+00:00","article_modified_time":"2018-09-02T21:47:26+00:00","og_image":[{"width":1800,"height":1200,"url":"https:\/\/www.ifm-motorsport.de\/start\/wp-content\/uploads\/2018\/07\/Wartb-Fr-18-00423-www.sascha-smf.de_.jpg","type":"image\/jpeg"}],"author":"admin","twitter_card":"summary_large_image","twitter_misc":{"Verfasst von":"admin","Gesch\u00e4tzte Lesezeit":"3\u00a0Minuten"},"schema":{"@context":"https:\/\/schema.org","@graph":[{"@type":"WebPage","@id":"https:\/\/www.ifm-motorsport.de\/start\/58-adac-cosmo-rallye-wartburg-26-bis-28-juli-2018\/","url":"https:\/\/www.ifm-motorsport.de\/start\/58-adac-cosmo-rallye-wartburg-26-bis-28-juli-2018\/","name":"58. ADAC Cosmo Rallye Wartburg - Eisenach 26. bis 28.07.2018 - IFM-Motorsport.de","isPartOf":{"@id":"https:\/\/www.ifm-motorsport.de\/start\/#website"},"datePublished":"2018-07-30T16:47:25+00:00","dateModified":"2018-09-02T21:47:26+00:00","author":{"@id":"https:\/\/www.ifm-motorsport.de\/start\/#\/schema\/person\/eff8cb1eeb947fc2be384f468211b0fb"},"description":"nick heilborn rallye ihr-finanzfachmann.de","breadcrumb":{"@id":"https:\/\/www.ifm-motorsport.de\/start\/58-adac-cosmo-rallye-wartburg-26-bis-28-juli-2018\/#breadcrumb"},"inLanguage":"de","potentialAction":[{"@type":"ReadAction","target":["https:\/\/www.ifm-motorsport.de\/start\/58-adac-cosmo-rallye-wartburg-26-bis-28-juli-2018\/"]}]},{"@type":"BreadcrumbList","@id":"https:\/\/www.ifm-motorsport.de\/start\/58-adac-cosmo-rallye-wartburg-26-bis-28-juli-2018\/#breadcrumb","itemListElement":[{"@type":"ListItem","position":1,"name":"Home","item":"https:\/\/www.ifm-motorsport.de\/start\/"},{"@type":"ListItem","position":2,"name":"58. ADAC Cosmo Rallye Wartburg &#8211; Eisenach 26. bis 28.07.2018"}]},{"@type":"WebSite","@id":"https:\/\/www.ifm-motorsport.de\/start\/#website","url":"https:\/\/www.ifm-motorsport.de\/start\/","name":"IFM-Motorsport.de","description":"","potentialAction":[{"@type":"SearchAction","target":{"@type":"EntryPoint","urlTemplate":"https:\/\/www.ifm-motorsport.de\/start\/?s={search_term_string}"},"query-input":"required name=search_term_string"}],"inLanguage":"de"},{"@type":"Person","@id":"https:\/\/www.ifm-motorsport.de\/start\/#\/schema\/person\/eff8cb1eeb947fc2be384f468211b0fb","name":"admin","image":{"@type":"ImageObject","inLanguage":"de","@id":"https:\/\/www.ifm-motorsport.de\/start\/#\/schema\/person\/image\/","url":"https:\/\/secure.gravatar.com\/avatar\/d2e5ceb10b271dc096153cf6d0afa206?s=96&d=mm&r=g","contentUrl":"https:\/\/secure.gravatar.com\/avatar\/d2e5ceb10b271dc096153cf6d0afa206?s=96&d=mm&r=g","caption":"admin"},"url":"https:\/\/www.ifm-motorsport.de\/start\/author\/admin\/"}]}},"jetpack_featured_media_url":"https:\/\/www.ifm-motorsport.de\/start\/wp-content\/uploads\/2018\/07\/Wartb-Fr-18-00423-www.sascha-smf.de_.jpg","jetpack_sharing_enabled":true,"_links":{"self":[{"href":"https:\/\/www.ifm-motorsport.de\/start\/wp-json\/wp\/v2\/posts\/1455"}],"collection":[{"href":"https:\/\/www.ifm-motorsport.de\/start\/wp-json\/wp\/v2\/posts"}],"about":[{"href":"https:\/\/www.ifm-motorsport.de\/start\/wp-json\/wp\/v2\/types\/post"}],"author":[{"embeddable":true,"href":"https:\/\/www.ifm-motorsport.de\/start\/wp-json\/wp\/v2\/users\/1"}],"replies":[{"embeddable":true,"href":"https:\/\/www.ifm-motorsport.de\/start\/wp-json\/wp\/v2\/comments?post=1455"}],"version-history":[{"count":8,"href":"https:\/\/www.ifm-motorsport.de\/start\/wp-json\/wp\/v2\/posts\/1455\/revisions"}],"predecessor-version":[{"id":1558,"href":"https:\/\/www.ifm-motorsport.de\/start\/wp-json\/wp\/v2\/posts\/1455\/revisions\/1558"}],"wp:featuredmedia":[{"embeddable":true,"href":"https:\/\/www.ifm-motorsport.de\/start\/wp-json\/wp\/v2\/media\/1456"}],"wp:attachment":[{"href":"https:\/\/www.ifm-motorsport.de\/start\/wp-json\/wp\/v2\/media?parent=1455"}],"wp:term":[{"taxonomy":"category","embeddable":true,"href":"https:\/\/www.ifm-motorsport.de\/start\/wp-json\/wp\/v2\/categories?post=1455"},{"taxonomy":"post_tag","embeddable":true,"href":"https:\/\/www.ifm-motorsport.de\/start\/wp-json\/wp\/v2\/tags?post=1455"}],"curies":[{"name":"wp","href":"https:\/\/api.w.org\/{rel}","templated":true}]}}