{"id":1697,"date":"2019-05-07T21:36:40","date_gmt":"2019-05-07T19:36:40","guid":{"rendered":"https:\/\/www.ifm-motorsport.de\/start\/?p=1697"},"modified":"2019-05-07T21:43:56","modified_gmt":"2019-05-07T19:43:56","slug":"49-adac-roland-rallye-13-04-2019","status":"publish","type":"post","link":"https:\/\/www.ifm-motorsport.de\/start\/49-adac-roland-rallye-13-04-2019\/","title":{"rendered":"49. ADAC Roland-Rallye 13.04.2019"},"content":{"rendered":"\n<p>Die 49. Roland-Rallye\u2026<\/p>\n\n\n\n<p>..war in diesem Jahr die erste Rallye f\u00fcr mich. Der Versuch, den fahrerischen Rost deshalb noch schnell bei einer Testfahrt am Vortag ein wenig abzusch\u00fctteln, scheiterte nach 2 Kilometern leider an einem sich aufl\u00f6senden Schaltgest\u00e4nge&#8230;<\/p>\n\n\n\n<p>Na gut, so musste eben dann die WP1 als \u201eProbefahrt\u201c herhalten! Nach kurzem Philosphieren am Start mit\u00a0einem Mitbewerber, welcher Luftdruck in der ma\u00dflos \u201ebreiten\u201c Spanne von 1,85 bis 1,95 bar nun der Richtige sei, gings dann ohne Konsens-Findung auch schon los. Doch nach kurzem Anf\u00fchlen in den ersten nassen Asphalt-Kurven und des im sp\u00e4teren Verlauf sch\u00f6nen Schotters, war ich dann recht schnell schon wieder derart in meinem Element und voller Fahrfreude, dass ich auf dem Rundkurs glatt die Ansage von Co\u00a0<a href=\"https:\/\/www.facebook.com\/mathias.rochow.3?__tn__=K-R&amp;eid=ARDXHZSYH938wcl-dnPWvFRb2bX1r2yxrnh07WflqJ3X5EgygOfTxQ_D23cGXQcEoi19Eik7qaDnI9JY&amp;fref=mentions&amp;__xts__%5B0%5D=68.ARDvwjvFzsrobniYgxjC-B5z9xvHqEw-wWWlDDRbQquU--WcT2WGc0oTyujqIAPEu4Bl_2MIhszR2DEsZsnjJM4KRJZAcrogROkr9KAFzvWz0_16LCDhMKv6xPeX4OEywmXC84DbTVaonahGfyEv0vXgLzU-4gyn1CL719x7ZVuUsUFeAwaD4jqrXZbfP6F48FDSTQjs7Z1ohdJP3Toz8v_qiNvWK9xAi-iHXG6HtuZCg_s7fDy_h7JNWljaKR7dkNWpjd93MZb4Z5SDJKJaeIbH_1JWb9e8_RgaL-HEP6YFXkoT6cxHOMBKBoVceWnvnsgPFVHjMgVSUEtcpnzrKEwNqDLTKc_9L-FJyA\">Mathias Rochow<\/a>\u00a0\u00fcberh\u00f6rte und noch eine zus\u00e4tzliche Runde fahren wollte!\u00a0Nur sein energisches Schreien und Gestikulieren stoppte diesen unbewussten Versuch gerade noch so. Aber ohne anzuhalten und den R\u00fcckw\u00e4rtsgang zu bem\u00fchen, sollte es dann leider auch nicht mehr funktionieren\u2026<\/p>\n\n\n\n<p>Mit 10 Sekunden Zeitverlust im Gep\u00e4ck, ging es dann also auf in Richtung WP2. Diese war so kurz, dass man es kaum geschafft hat, mal alle G\u00e4nge durchzuschalten aber ok, daf\u00fcr war der Schotter ganz gut fahrbar und der winterliche Rost fiel nun langsam vollst\u00e4ndig vom Fahrer ab.<\/p>\n\n\n\n<p>Als WP3 traditionell noch einmal schnell paar Runden durch die Nordh\u00e4user Innenstadt (Was f\u00fcr eine irre WP!) und schon war die erste Schleife \u00fcberstanden.<\/p>\n\n\n\n<p>Auf WP4 kam mir beim Erreichen des Drehzahlbegrenzers im 5. Gang zwar mal kurz die Frage in den Sinn, ob es denn wirklich sein muss, mit demnach rund 190 Sachen \u00fcber einen welligen Schotterweg zu brettern?\u00a0Aber ergriffen vom Spektakel dieses Vorgangs verdr\u00e4ngte ich den Gedanken auch gleich wieder und genoss einfach die vorbeispringende Landschaft&#8230;<\/p>\n\n\n\n<p>Auf WP5 noch mal schnell durch den inzwischen aufgezogenen Schneesturm gehuscht und auf WP6 noch ein paar Runden quer durch den Nordh\u00e4user Stadtpark gerauscht, war sie auch schon vorbei, die 49. Roland-Rallye. Und auch meine 49. Rallye insgesamt!<\/p>\n\n\n\n<p>Die Eingangsfrage nach dem richtigen Reifendruck beantwortete\u00a0Mitbewerber Jeffrey Wiesner derweil mit dem Endergebnis: Im spektakul\u00e4ren \u201eFrankenstein-Volvo WRC\u201c gewann er zusammen mit\u00a0Co Marcel Eichenauer\u00a0nicht nur die Klasse mit gro\u00dfem Vorsprung, sondern lehrte sogar den Top-Autos das F\u00fcrchten. Hut ab vor dieser Leistung! Was so ein Zehntel bar doch ausmachen kann&#8230;\u00a0\ud83d\ude0f<\/p>\n\n\n\n<p>Fazit: Mit Platz 2 in der stark besetzten 3L-Klasse und 7. Gesamt von 64 Startern sind wir mit der 2019er Jungfernfahrt absolut zufrieden und freuen uns, das Auto bei diesen recht anspruchsvollen Bedingungen ohne Kratzer ins Ziel gebracht zu haben.<\/p>\n\n\n\n<p>Bleibt als n\u00e4chstes die Frage zu kl\u00e4ren, wo ich meinen 50. Rallye-Geburtstag feiern werde&#8230;<\/p>\n\n\n\n<p>PS: Danke an meinen Co\u00a0<a href=\"https:\/\/www.facebook.com\/mathias.rochow.3?__tn__=K-R&amp;eid=ARD0Lx0iK5tYxIQsezE4kM1Hf6kq3ywRk99mde93XEN10qhT-fCuTA9jn3eSVZzIElh4eJ8dy-uJMI5c&amp;fref=mentions&amp;__xts__%5B0%5D=68.ARDvwjvFzsrobniYgxjC-B5z9xvHqEw-wWWlDDRbQquU--WcT2WGc0oTyujqIAPEu4Bl_2MIhszR2DEsZsnjJM4KRJZAcrogROkr9KAFzvWz0_16LCDhMKv6xPeX4OEywmXC84DbTVaonahGfyEv0vXgLzU-4gyn1CL719x7ZVuUsUFeAwaD4jqrXZbfP6F48FDSTQjs7Z1ohdJP3Toz8v_qiNvWK9xAi-iHXG6HtuZCg_s7fDy_h7JNWljaKR7dkNWpjd93MZb4Z5SDJKJaeIbH_1JWb9e8_RgaL-HEP6YFXkoT6cxHOMBKBoVceWnvnsgPFVHjMgVSUEtcpnzrKEwNqDLTKc_9L-FJyA\">Mathias Rochow<\/a>\u00a0f\u00fcr den Top-Job und an\u00a0Paul Letzing\u00a0von\u00a0<a href=\"https:\/\/www.facebook.com\/PMRallyeVidsHD\/?__tn__=K-R&amp;eid=ARCXxHOG0badGWhz7tj62Qs64-pc2bXFmsFogJhg5VJbkWCB1dURQGYnwBO3RBNrKxBgBpQL8zP-9bnW&amp;fref=mentions&amp;__xts__%5B0%5D=68.ARDvwjvFzsrobniYgxjC-B5z9xvHqEw-wWWlDDRbQquU--WcT2WGc0oTyujqIAPEu4Bl_2MIhszR2DEsZsnjJM4KRJZAcrogROkr9KAFzvWz0_16LCDhMKv6xPeX4OEywmXC84DbTVaonahGfyEv0vXgLzU-4gyn1CL719x7ZVuUsUFeAwaD4jqrXZbfP6F48FDSTQjs7Z1ohdJP3Toz8v_qiNvWK9xAi-iHXG6HtuZCg_s7fDy_h7JNWljaKR7dkNWpjd93MZb4Z5SDJKJaeIbH_1JWb9e8_RgaL-HEP6YFXkoT6cxHOMBKBoVceWnvnsgPFVHjMgVSUEtcpnzrKEwNqDLTKc_9L-FJyA\">PMRallyeVids<\/a>\u00a0f\u00fcr den spektakul\u00e4ren Video-Clip!\u00a0<\/p>\n\n\n\n<p><a href=\"https:\/\/www.facebook.com\/IhrFinanzfachmannMotorsport\/videos\/1030466393811159\/\">https:\/\/www.facebook.com\/IhrFinanzfachmannMotorsport\/videos\/1030466393811159\/<\/a><\/p>\n\n\n\n<p>Beitragsbild: Simon St\u00e4udten<\/p>\n","protected":false},"excerpt":{"rendered":"<p>Die 49. Roland-Rallye\u2026 ..war in diesem Jahr die erste Rallye f\u00fcr mich. Der Versuch, den fahrerischen Rost deshalb noch schnell bei einer Testfahrt am Vortag ein wenig abzusch\u00fctteln, scheiterte nach 2 Kilometern leider an einem sich aufl\u00f6senden Schaltgest\u00e4nge&#8230; Na gut, so musste eben dann die WP1 als \u201eProbefahrt\u201c herhalten! Nach kurzem Philosphieren am Start mit\u00a0einem [&hellip;]<\/p>\n","protected":false},"author":1,"featured_media":1705,"comment_status":"closed","ping_status":"open","sticky":false,"template":"","format":"standard","meta":[],"categories":[11,1,5],"tags":[4],"yoast_head":"<!-- This site is optimized with the Yoast SEO plugin v21.8.1 - https:\/\/yoast.com\/wordpress\/plugins\/seo\/ -->\n<title>49. ADAC Roland-Rallye 13.04.2019 - IFM-Motorsport.de<\/title>\n<meta name=\"description\" content=\"nick heilborn rallye ihr-finanzfachmann.de\" \/>\n<meta name=\"robots\" content=\"index, follow, max-snippet:-1, max-image-preview:large, max-video-preview:-1\" \/>\n<link rel=\"canonical\" href=\"https:\/\/www.ifm-motorsport.de\/start\/49-adac-roland-rallye-13-04-2019\/\" \/>\n<meta property=\"og:locale\" content=\"de_DE\" \/>\n<meta property=\"og:type\" content=\"article\" \/>\n<meta property=\"og:title\" content=\"49. ADAC Roland-Rallye 13.04.2019 - IFM-Motorsport.de\" \/>\n<meta property=\"og:description\" content=\"nick heilborn rallye ihr-finanzfachmann.de\" \/>\n<meta property=\"og:url\" content=\"https:\/\/www.ifm-motorsport.de\/start\/49-adac-roland-rallye-13-04-2019\/\" \/>\n<meta property=\"og:site_name\" content=\"IFM-Motorsport.de\" \/>\n<meta property=\"article:publisher\" content=\"https:\/\/www.facebook.com\/Vermoegensberatung.Hermsdorf\" \/>\n<meta property=\"article:published_time\" content=\"2019-05-07T19:36:40+00:00\" \/>\n<meta property=\"article:modified_time\" content=\"2019-05-07T19:43:56+00:00\" \/>\n<meta property=\"og:image\" content=\"https:\/\/www.ifm-motorsport.de\/start\/wp-content\/uploads\/2019\/05\/Roland-Rallye-2019-SiS-026_268057_5cb338894.jpg\" \/>\n\t<meta property=\"og:image:width\" content=\"1200\" \/>\n\t<meta property=\"og:image:height\" content=\"799\" \/>\n\t<meta property=\"og:image:type\" content=\"image\/jpeg\" \/>\n<meta name=\"author\" content=\"admin\" \/>\n<meta name=\"twitter:card\" content=\"summary_large_image\" \/>\n<meta name=\"twitter:label1\" content=\"Verfasst von\" \/>\n\t<meta name=\"twitter:data1\" content=\"admin\" \/>\n\t<meta name=\"twitter:label2\" content=\"Gesch\u00e4tzte Lesezeit\" \/>\n\t<meta name=\"twitter:data2\" content=\"2\u00a0Minuten\" \/>\n<script type=\"application\/ld+json\" class=\"yoast-schema-graph\">{\"@context\":\"https:\/\/schema.org\",\"@graph\":[{\"@type\":\"WebPage\",\"@id\":\"https:\/\/www.ifm-motorsport.de\/start\/49-adac-roland-rallye-13-04-2019\/\",\"url\":\"https:\/\/www.ifm-motorsport.de\/start\/49-adac-roland-rallye-13-04-2019\/\",\"name\":\"49. ADAC Roland-Rallye 13.04.2019 - IFM-Motorsport.de\",\"isPartOf\":{\"@id\":\"https:\/\/www.ifm-motorsport.de\/start\/#website\"},\"datePublished\":\"2019-05-07T19:36:40+00:00\",\"dateModified\":\"2019-05-07T19:43:56+00:00\",\"author\":{\"@id\":\"https:\/\/www.ifm-motorsport.de\/start\/#\/schema\/person\/eff8cb1eeb947fc2be384f468211b0fb\"},\"description\":\"nick heilborn rallye ihr-finanzfachmann.de\",\"breadcrumb\":{\"@id\":\"https:\/\/www.ifm-motorsport.de\/start\/49-adac-roland-rallye-13-04-2019\/#breadcrumb\"},\"inLanguage\":\"de\",\"potentialAction\":[{\"@type\":\"ReadAction\",\"target\":[\"https:\/\/www.ifm-motorsport.de\/start\/49-adac-roland-rallye-13-04-2019\/\"]}]},{\"@type\":\"BreadcrumbList\",\"@id\":\"https:\/\/www.ifm-motorsport.de\/start\/49-adac-roland-rallye-13-04-2019\/#breadcrumb\",\"itemListElement\":[{\"@type\":\"ListItem\",\"position\":1,\"name\":\"Home\",\"item\":\"https:\/\/www.ifm-motorsport.de\/start\/\"},{\"@type\":\"ListItem\",\"position\":2,\"name\":\"49. ADAC Roland-Rallye 13.04.2019\"}]},{\"@type\":\"WebSite\",\"@id\":\"https:\/\/www.ifm-motorsport.de\/start\/#website\",\"url\":\"https:\/\/www.ifm-motorsport.de\/start\/\",\"name\":\"IFM-Motorsport.de\",\"description\":\"\",\"potentialAction\":[{\"@type\":\"SearchAction\",\"target\":{\"@type\":\"EntryPoint\",\"urlTemplate\":\"https:\/\/www.ifm-motorsport.de\/start\/?s={search_term_string}\"},\"query-input\":\"required name=search_term_string\"}],\"inLanguage\":\"de\"},{\"@type\":\"Person\",\"@id\":\"https:\/\/www.ifm-motorsport.de\/start\/#\/schema\/person\/eff8cb1eeb947fc2be384f468211b0fb\",\"name\":\"admin\",\"image\":{\"@type\":\"ImageObject\",\"inLanguage\":\"de\",\"@id\":\"https:\/\/www.ifm-motorsport.de\/start\/#\/schema\/person\/image\/\",\"url\":\"https:\/\/secure.gravatar.com\/avatar\/d2e5ceb10b271dc096153cf6d0afa206?s=96&d=mm&r=g\",\"contentUrl\":\"https:\/\/secure.gravatar.com\/avatar\/d2e5ceb10b271dc096153cf6d0afa206?s=96&d=mm&r=g\",\"caption\":\"admin\"},\"url\":\"https:\/\/www.ifm-motorsport.de\/start\/author\/admin\/\"}]}<\/script>\n<!-- \/ Yoast SEO plugin. -->","yoast_head_json":{"title":"49. ADAC Roland-Rallye 13.04.2019 - IFM-Motorsport.de","description":"nick heilborn rallye ihr-finanzfachmann.de","robots":{"index":"index","follow":"follow","max-snippet":"max-snippet:-1","max-image-preview":"max-image-preview:large","max-video-preview":"max-video-preview:-1"},"canonical":"https:\/\/www.ifm-motorsport.de\/start\/49-adac-roland-rallye-13-04-2019\/","og_locale":"de_DE","og_type":"article","og_title":"49. ADAC Roland-Rallye 13.04.2019 - IFM-Motorsport.de","og_description":"nick heilborn rallye ihr-finanzfachmann.de","og_url":"https:\/\/www.ifm-motorsport.de\/start\/49-adac-roland-rallye-13-04-2019\/","og_site_name":"IFM-Motorsport.de","article_publisher":"https:\/\/www.facebook.com\/Vermoegensberatung.Hermsdorf","article_published_time":"2019-05-07T19:36:40+00:00","article_modified_time":"2019-05-07T19:43:56+00:00","og_image":[{"width":1200,"height":799,"url":"https:\/\/www.ifm-motorsport.de\/start\/wp-content\/uploads\/2019\/05\/Roland-Rallye-2019-SiS-026_268057_5cb338894.jpg","type":"image\/jpeg"}],"author":"admin","twitter_card":"summary_large_image","twitter_misc":{"Verfasst von":"admin","Gesch\u00e4tzte Lesezeit":"2\u00a0Minuten"},"schema":{"@context":"https:\/\/schema.org","@graph":[{"@type":"WebPage","@id":"https:\/\/www.ifm-motorsport.de\/start\/49-adac-roland-rallye-13-04-2019\/","url":"https:\/\/www.ifm-motorsport.de\/start\/49-adac-roland-rallye-13-04-2019\/","name":"49. ADAC Roland-Rallye 13.04.2019 - IFM-Motorsport.de","isPartOf":{"@id":"https:\/\/www.ifm-motorsport.de\/start\/#website"},"datePublished":"2019-05-07T19:36:40+00:00","dateModified":"2019-05-07T19:43:56+00:00","author":{"@id":"https:\/\/www.ifm-motorsport.de\/start\/#\/schema\/person\/eff8cb1eeb947fc2be384f468211b0fb"},"description":"nick heilborn rallye ihr-finanzfachmann.de","breadcrumb":{"@id":"https:\/\/www.ifm-motorsport.de\/start\/49-adac-roland-rallye-13-04-2019\/#breadcrumb"},"inLanguage":"de","potentialAction":[{"@type":"ReadAction","target":["https:\/\/www.ifm-motorsport.de\/start\/49-adac-roland-rallye-13-04-2019\/"]}]},{"@type":"BreadcrumbList","@id":"https:\/\/www.ifm-motorsport.de\/start\/49-adac-roland-rallye-13-04-2019\/#breadcrumb","itemListElement":[{"@type":"ListItem","position":1,"name":"Home","item":"https:\/\/www.ifm-motorsport.de\/start\/"},{"@type":"ListItem","position":2,"name":"49. ADAC Roland-Rallye 13.04.2019"}]},{"@type":"WebSite","@id":"https:\/\/www.ifm-motorsport.de\/start\/#website","url":"https:\/\/www.ifm-motorsport.de\/start\/","name":"IFM-Motorsport.de","description":"","potentialAction":[{"@type":"SearchAction","target":{"@type":"EntryPoint","urlTemplate":"https:\/\/www.ifm-motorsport.de\/start\/?s={search_term_string}"},"query-input":"required name=search_term_string"}],"inLanguage":"de"},{"@type":"Person","@id":"https:\/\/www.ifm-motorsport.de\/start\/#\/schema\/person\/eff8cb1eeb947fc2be384f468211b0fb","name":"admin","image":{"@type":"ImageObject","inLanguage":"de","@id":"https:\/\/www.ifm-motorsport.de\/start\/#\/schema\/person\/image\/","url":"https:\/\/secure.gravatar.com\/avatar\/d2e5ceb10b271dc096153cf6d0afa206?s=96&d=mm&r=g","contentUrl":"https:\/\/secure.gravatar.com\/avatar\/d2e5ceb10b271dc096153cf6d0afa206?s=96&d=mm&r=g","caption":"admin"},"url":"https:\/\/www.ifm-motorsport.de\/start\/author\/admin\/"}]}},"jetpack_featured_media_url":"https:\/\/www.ifm-motorsport.de\/start\/wp-content\/uploads\/2019\/05\/Roland-Rallye-2019-SiS-026_268057_5cb338894.jpg","jetpack_sharing_enabled":true,"_links":{"self":[{"href":"https:\/\/www.ifm-motorsport.de\/start\/wp-json\/wp\/v2\/posts\/1697"}],"collection":[{"href":"https:\/\/www.ifm-motorsport.de\/start\/wp-json\/wp\/v2\/posts"}],"about":[{"href":"https:\/\/www.ifm-motorsport.de\/start\/wp-json\/wp\/v2\/types\/post"}],"author":[{"embeddable":true,"href":"https:\/\/www.ifm-motorsport.de\/start\/wp-json\/wp\/v2\/users\/1"}],"replies":[{"embeddable":true,"href":"https:\/\/www.ifm-motorsport.de\/start\/wp-json\/wp\/v2\/comments?post=1697"}],"version-history":[{"count":5,"href":"https:\/\/www.ifm-motorsport.de\/start\/wp-json\/wp\/v2\/posts\/1697\/revisions"}],"predecessor-version":[{"id":1706,"href":"https:\/\/www.ifm-motorsport.de\/start\/wp-json\/wp\/v2\/posts\/1697\/revisions\/1706"}],"wp:featuredmedia":[{"embeddable":true,"href":"https:\/\/www.ifm-motorsport.de\/start\/wp-json\/wp\/v2\/media\/1705"}],"wp:attachment":[{"href":"https:\/\/www.ifm-motorsport.de\/start\/wp-json\/wp\/v2\/media?parent=1697"}],"wp:term":[{"taxonomy":"category","embeddable":true,"href":"https:\/\/www.ifm-motorsport.de\/start\/wp-json\/wp\/v2\/categories?post=1697"},{"taxonomy":"post_tag","embeddable":true,"href":"https:\/\/www.ifm-motorsport.de\/start\/wp-json\/wp\/v2\/tags?post=1697"}],"curies":[{"name":"wp","href":"https:\/\/api.w.org\/{rel}","templated":true}]}}