{"id":430,"date":"2016-09-21T15:12:12","date_gmt":"2016-09-21T13:12:12","guid":{"rendered":"http:\/\/nick-heilborn.de\/rallye\/?p=430"},"modified":"2017-04-10T18:44:28","modified_gmt":"2017-04-10T16:44:28","slug":"6-rallyesprint-hof-18-09-2016","status":"publish","type":"post","link":"https:\/\/www.ifm-motorsport.de\/start\/6-rallyesprint-hof-18-09-2016\/","title":{"rendered":"6. Rallyesprint Hof 18.09.2016"},"content":{"rendered":"<p style=\"text-align: justify;\">Klassensieg in den &#8222;Fluten von Hof&#8220;<\/p>\n<p style=\"text-align: justify;\">Nachdem wir die Rallye Bad Schmiedeberg eine Woche zuvor aufgrund einer kurzfristigen Erkrankung leider ausfallen lassen mussten, gingen Tim Gleisberg und ich nun ersatzweise zum 6. Rallyesprint Hof an den Start. Die Veranstaltung z\u00e4hlt zwar nicht zur Th\u00fcringer Meisterschaft, ist aber gleich \u201eum die Ecke\u201c und mit ihrer einen Wertungspr\u00fcfung, welche drei mal befahren wird, genau das Richtige, um an einem Sonntag ein wenig unkomplizierten Fahrspa\u00df zu genie\u00dfen.<\/p>\n<p style=\"text-align: justify;\">Was wollte man an diesem durchgehend verregnetem Wochenende sonst auch tun, als die Gelegenheit zu nutzen, mal die neuen Malatesta Wet-Reifen auszuprobieren, die nun schon so lange ungenutzt auf ihren ersten Test warteten. Chancen auf ein gutes Ergebnis rechneten wir uns jedoch nicht aus, da wir mangels weiteren Startern in unserer eigentlichen Klasse F3B nun in die Allrad-Klasse F3A hoch gestuft wurden und gegen Boliden vom Schlage diverser Mitsubishi EVO oder Subaru Impreza vor allem im Regen nach physikalischen Grunds\u00e4tzen keine Chance haben w\u00fcrden.<\/p>\n<p style=\"text-align: justify;\">Auf der ersten Wertungspr\u00fcfung stellte sich im str\u00f6menden Regen jedoch sofort ein gutes Gef\u00fchl ein und ich merkte, \u201eda geht noch was\u201c!<\/p>\n<p style=\"text-align: justify;\">Bei der zweiten Durchfahrt lie\u00df der Niederschlag etwas nach und wir konnten uns auch direkt um weitere 1,8 Sekunden verbessern.<\/p>\n<p style=\"text-align: justify;\">Nun wollten wir wissen, was diese Zeiten wert waren und staunten nicht schlecht, als wir am offiziellen Aushang lesen konnten, dass wir in WP1 neben der Klassenbestzeit auch die 3.-beste Zeit des gesamten Feldes gefahren sind! Da mussten wir dann schon ein wenig schmunzeln, denn gewiss hatte sich unsere Fahrt schnell angef\u00fchlt, aber das wir auch schneller als die Subarus, EVOs und viele andere technisch \u00fcberlegene Fahrzeuge sein w\u00fcrden, \u00fcberraschte uns dann doch etwas. Au\u00dfer einem weiteren EVO und einem Peugeot, lag\u00a0keiner mehr vor uns.<\/p>\n<p style=\"text-align: justify;\">Eine genauere Analyse ergab dann, dass die meisten anderen Teilnehmer mit Reifen an den Start gingen, welche eher der Gattung Intermediate zuzuordnen sind, w\u00e4hrend unsere schon eher zu den \u201eFull-Wet\u201c z\u00e4hlten. Ein Blick auf die Zeiten der WP2 best\u00e4tigte diese Vermutung dann auch sogleich. Bei nachlassendem Regen konnten wir unseren Reifenvorteil nicht mehr ausspielen und erzielten trotz schnellerer Fahrt \u201enur\u201c noch die 12.-beste Zeit.<\/p>\n<p style=\"text-align: justify;\">F\u00fcr die WP3 beschlossen wir dann, im wieder st\u00e4rker einsetzenden Regen etwas defensiver zu fahren, um das gute Top-10-Gesamtergebnis sicher ins Ziel zu bringen, was dann noch zu einer 9.-besten Zeit reichte.<\/p>\n<p style=\"text-align: justify;\">Ob das die richtige Strategie war? Wer wei\u00df. H\u00e4tten wir unsere Zeit aus der WP2 noch einmal wiederholt, dann w\u00e4re am Ende sogar ein sensationeller Gesamtrang 5 m\u00f6glich gewesen. Aber bei diesen Wetterverh\u00e4ltnissen war\u00a0der Grad zum Abflug eben auch recht schmal &#8211; wie der Ausfall des Gesamtf\u00fchrenden auf der letzten Pr\u00fcfung zeigte, was uns dann \u00fcbrigens sprichw\u00f6rtlich auf Platz 1 in unserer Klasse nach vorn sp\u00fclte. Vom Gef\u00fchl her haben wir es also richtig gemacht:<\/p>\n<p style=\"text-align: justify;\">Mit anfangs schneller und sp\u00e4ter taktischer Fahrt beendeten wir den Rallyesprint Hof auf Gesamtrang 10 und Platz 1 in der Klasse F3A!\u00a0Wer h\u00e4tte das zuvor gedacht\u2026<\/p>\n<figure id=\"attachment_447\" aria-describedby=\"caption-attachment-447\" style=\"width: 300px\" class=\"wp-caption aligncenter\"><a href=\"http:\/\/www.ifm-motorsport.de\/start\/wp-content\/uploads\/2016\/09\/Rallyesprint-Hof-2016-OTZ.jpg\"><img data-attachment-id=\"447\" data-permalink=\"https:\/\/www.ifm-motorsport.de\/start\/6-rallyesprint-hof-18-09-2016\/rallyesprint-hof-2016-otz\/\" data-orig-file=\"https:\/\/www.ifm-motorsport.de\/start\/wp-content\/uploads\/2016\/09\/Rallyesprint-Hof-2016-OTZ.jpg\" data-orig-size=\"7019,4962\" data-comments-opened=\"1\" data-image-meta=\"{&quot;aperture&quot;:&quot;0&quot;,&quot;credit&quot;:&quot;&quot;,&quot;camera&quot;:&quot;&quot;,&quot;caption&quot;:&quot;&quot;,&quot;created_timestamp&quot;:&quot;0&quot;,&quot;copyright&quot;:&quot;&quot;,&quot;focal_length&quot;:&quot;0&quot;,&quot;iso&quot;:&quot;0&quot;,&quot;shutter_speed&quot;:&quot;0&quot;,&quot;title&quot;:&quot;&quot;,&quot;orientation&quot;:&quot;1&quot;}\" data-image-title=\"Rallyesprint Hof 2016 OTZ Heilborn-Gleisberg BMW\" data-image-description=\"&lt;p&gt;Rallyesprint Hof 2016 OTZ Heilborn-Gleisberg BMW&lt;\/p&gt;\n\" data-image-caption=\"&lt;p&gt;Rallyesprint Hof 2016 OTZ Heilborn-Gleisberg BMW&lt;\/p&gt;\n\" data-medium-file=\"https:\/\/www.ifm-motorsport.de\/start\/wp-content\/uploads\/2016\/09\/Rallyesprint-Hof-2016-OTZ-300x212.jpg\" data-large-file=\"https:\/\/www.ifm-motorsport.de\/start\/wp-content\/uploads\/2016\/09\/Rallyesprint-Hof-2016-OTZ-1024x724.jpg\" decoding=\"async\" loading=\"lazy\" class=\"wp-image-447 size-medium\" src=\"http:\/\/www.ifm-motorsport.de\/start\/wp-content\/uploads\/2016\/09\/Rallyesprint-Hof-2016-OTZ-300x212.jpg\" alt=\"Rallyesprint Hof 2016 OTZ Heilborn-Gleisberg BMW\" width=\"300\" height=\"212\" srcset=\"https:\/\/www.ifm-motorsport.de\/start\/wp-content\/uploads\/2016\/09\/Rallyesprint-Hof-2016-OTZ-300x212.jpg 300w, https:\/\/www.ifm-motorsport.de\/start\/wp-content\/uploads\/2016\/09\/Rallyesprint-Hof-2016-OTZ-768x543.jpg 768w, https:\/\/www.ifm-motorsport.de\/start\/wp-content\/uploads\/2016\/09\/Rallyesprint-Hof-2016-OTZ-1024x724.jpg 1024w, https:\/\/www.ifm-motorsport.de\/start\/wp-content\/uploads\/2016\/09\/Rallyesprint-Hof-2016-OTZ-640x452.jpg 640w, https:\/\/www.ifm-motorsport.de\/start\/wp-content\/uploads\/2016\/09\/Rallyesprint-Hof-2016-OTZ-1010x714.jpg 1010w\" sizes=\"(max-width: 300px) 100vw, 300px\" \/><\/a><figcaption id=\"caption-attachment-447\" class=\"wp-caption-text\">Rallyesprint Hof 2016 OTZ Heilborn-Gleisberg BMW<\/figcaption><\/figure>\n<p style=\"text-align: justify;\">Foto und Bericht: Thomas Gorlt<\/p>\n","protected":false},"excerpt":{"rendered":"<p>Klassensieg in den &#8222;Fluten von Hof&#8220; Nachdem wir die Rallye Bad Schmiedeberg eine Woche zuvor aufgrund einer kurzfristigen Erkrankung leider ausfallen lassen mussten, gingen Tim Gleisberg und ich nun ersatzweise zum 6. Rallyesprint Hof an den Start. Die Veranstaltung z\u00e4hlt zwar nicht zur Th\u00fcringer Meisterschaft, ist aber gleich \u201eum die Ecke\u201c und mit ihrer einen [&hellip;]<\/p>\n","protected":false},"author":1,"featured_media":431,"comment_status":"closed","ping_status":"open","sticky":false,"template":"","format":"standard","meta":[],"categories":[8],"tags":[],"yoast_head":"<!-- This site is optimized with the Yoast SEO plugin v21.8.1 - https:\/\/yoast.com\/wordpress\/plugins\/seo\/ -->\n<title>6. Rallyesprint Hof 18.09.2016 - IFM-Motorsport.de<\/title>\n<meta name=\"description\" content=\"nick heilborn rallye ihr-finanzfachmann.de\" \/>\n<meta name=\"robots\" content=\"index, follow, max-snippet:-1, max-image-preview:large, max-video-preview:-1\" \/>\n<link rel=\"canonical\" href=\"https:\/\/www.ifm-motorsport.de\/start\/6-rallyesprint-hof-18-09-2016\/\" \/>\n<meta property=\"og:locale\" content=\"de_DE\" \/>\n<meta property=\"og:type\" content=\"article\" \/>\n<meta property=\"og:title\" content=\"6. Rallyesprint Hof 18.09.2016 - IFM-Motorsport.de\" \/>\n<meta property=\"og:description\" content=\"nick heilborn rallye ihr-finanzfachmann.de\" \/>\n<meta property=\"og:url\" content=\"https:\/\/www.ifm-motorsport.de\/start\/6-rallyesprint-hof-18-09-2016\/\" \/>\n<meta property=\"og:site_name\" content=\"IFM-Motorsport.de\" \/>\n<meta property=\"article:publisher\" content=\"https:\/\/www.facebook.com\/Vermoegensberatung.Hermsdorf\" \/>\n<meta property=\"article:published_time\" content=\"2016-09-21T13:12:12+00:00\" \/>\n<meta property=\"article:modified_time\" content=\"2017-04-10T16:44:28+00:00\" \/>\n<meta property=\"og:image\" content=\"https:\/\/www.ifm-motorsport.de\/start\/wp-content\/uploads\/2016\/09\/Hof-Thomas-Gorlt.jpg\" \/>\n\t<meta property=\"og:image:width\" content=\"2048\" \/>\n\t<meta property=\"og:image:height\" content=\"1271\" \/>\n\t<meta property=\"og:image:type\" content=\"image\/jpeg\" \/>\n<meta name=\"author\" content=\"admin\" \/>\n<meta name=\"twitter:card\" content=\"summary_large_image\" \/>\n<meta name=\"twitter:label1\" content=\"Verfasst von\" \/>\n\t<meta name=\"twitter:data1\" content=\"admin\" \/>\n\t<meta name=\"twitter:label2\" content=\"Gesch\u00e4tzte Lesezeit\" \/>\n\t<meta name=\"twitter:data2\" content=\"3\u00a0Minuten\" \/>\n<script type=\"application\/ld+json\" class=\"yoast-schema-graph\">{\"@context\":\"https:\/\/schema.org\",\"@graph\":[{\"@type\":\"WebPage\",\"@id\":\"https:\/\/www.ifm-motorsport.de\/start\/6-rallyesprint-hof-18-09-2016\/\",\"url\":\"https:\/\/www.ifm-motorsport.de\/start\/6-rallyesprint-hof-18-09-2016\/\",\"name\":\"6. Rallyesprint Hof 18.09.2016 - IFM-Motorsport.de\",\"isPartOf\":{\"@id\":\"https:\/\/www.ifm-motorsport.de\/start\/#website\"},\"datePublished\":\"2016-09-21T13:12:12+00:00\",\"dateModified\":\"2017-04-10T16:44:28+00:00\",\"author\":{\"@id\":\"https:\/\/www.ifm-motorsport.de\/start\/#\/schema\/person\/eff8cb1eeb947fc2be384f468211b0fb\"},\"description\":\"nick heilborn rallye ihr-finanzfachmann.de\",\"breadcrumb\":{\"@id\":\"https:\/\/www.ifm-motorsport.de\/start\/6-rallyesprint-hof-18-09-2016\/#breadcrumb\"},\"inLanguage\":\"de\",\"potentialAction\":[{\"@type\":\"ReadAction\",\"target\":[\"https:\/\/www.ifm-motorsport.de\/start\/6-rallyesprint-hof-18-09-2016\/\"]}]},{\"@type\":\"BreadcrumbList\",\"@id\":\"https:\/\/www.ifm-motorsport.de\/start\/6-rallyesprint-hof-18-09-2016\/#breadcrumb\",\"itemListElement\":[{\"@type\":\"ListItem\",\"position\":1,\"name\":\"Home\",\"item\":\"https:\/\/www.ifm-motorsport.de\/start\/\"},{\"@type\":\"ListItem\",\"position\":2,\"name\":\"6. Rallyesprint Hof 18.09.2016\"}]},{\"@type\":\"WebSite\",\"@id\":\"https:\/\/www.ifm-motorsport.de\/start\/#website\",\"url\":\"https:\/\/www.ifm-motorsport.de\/start\/\",\"name\":\"IFM-Motorsport.de\",\"description\":\"\",\"potentialAction\":[{\"@type\":\"SearchAction\",\"target\":{\"@type\":\"EntryPoint\",\"urlTemplate\":\"https:\/\/www.ifm-motorsport.de\/start\/?s={search_term_string}\"},\"query-input\":\"required name=search_term_string\"}],\"inLanguage\":\"de\"},{\"@type\":\"Person\",\"@id\":\"https:\/\/www.ifm-motorsport.de\/start\/#\/schema\/person\/eff8cb1eeb947fc2be384f468211b0fb\",\"name\":\"admin\",\"image\":{\"@type\":\"ImageObject\",\"inLanguage\":\"de\",\"@id\":\"https:\/\/www.ifm-motorsport.de\/start\/#\/schema\/person\/image\/\",\"url\":\"https:\/\/secure.gravatar.com\/avatar\/d2e5ceb10b271dc096153cf6d0afa206?s=96&d=mm&r=g\",\"contentUrl\":\"https:\/\/secure.gravatar.com\/avatar\/d2e5ceb10b271dc096153cf6d0afa206?s=96&d=mm&r=g\",\"caption\":\"admin\"},\"url\":\"https:\/\/www.ifm-motorsport.de\/start\/author\/admin\/\"}]}<\/script>\n<!-- \/ Yoast SEO plugin. -->","yoast_head_json":{"title":"6. Rallyesprint Hof 18.09.2016 - IFM-Motorsport.de","description":"nick heilborn rallye ihr-finanzfachmann.de","robots":{"index":"index","follow":"follow","max-snippet":"max-snippet:-1","max-image-preview":"max-image-preview:large","max-video-preview":"max-video-preview:-1"},"canonical":"https:\/\/www.ifm-motorsport.de\/start\/6-rallyesprint-hof-18-09-2016\/","og_locale":"de_DE","og_type":"article","og_title":"6. Rallyesprint Hof 18.09.2016 - IFM-Motorsport.de","og_description":"nick heilborn rallye ihr-finanzfachmann.de","og_url":"https:\/\/www.ifm-motorsport.de\/start\/6-rallyesprint-hof-18-09-2016\/","og_site_name":"IFM-Motorsport.de","article_publisher":"https:\/\/www.facebook.com\/Vermoegensberatung.Hermsdorf","article_published_time":"2016-09-21T13:12:12+00:00","article_modified_time":"2017-04-10T16:44:28+00:00","og_image":[{"width":2048,"height":1271,"url":"https:\/\/www.ifm-motorsport.de\/start\/wp-content\/uploads\/2016\/09\/Hof-Thomas-Gorlt.jpg","type":"image\/jpeg"}],"author":"admin","twitter_card":"summary_large_image","twitter_misc":{"Verfasst von":"admin","Gesch\u00e4tzte Lesezeit":"3\u00a0Minuten"},"schema":{"@context":"https:\/\/schema.org","@graph":[{"@type":"WebPage","@id":"https:\/\/www.ifm-motorsport.de\/start\/6-rallyesprint-hof-18-09-2016\/","url":"https:\/\/www.ifm-motorsport.de\/start\/6-rallyesprint-hof-18-09-2016\/","name":"6. Rallyesprint Hof 18.09.2016 - IFM-Motorsport.de","isPartOf":{"@id":"https:\/\/www.ifm-motorsport.de\/start\/#website"},"datePublished":"2016-09-21T13:12:12+00:00","dateModified":"2017-04-10T16:44:28+00:00","author":{"@id":"https:\/\/www.ifm-motorsport.de\/start\/#\/schema\/person\/eff8cb1eeb947fc2be384f468211b0fb"},"description":"nick heilborn rallye ihr-finanzfachmann.de","breadcrumb":{"@id":"https:\/\/www.ifm-motorsport.de\/start\/6-rallyesprint-hof-18-09-2016\/#breadcrumb"},"inLanguage":"de","potentialAction":[{"@type":"ReadAction","target":["https:\/\/www.ifm-motorsport.de\/start\/6-rallyesprint-hof-18-09-2016\/"]}]},{"@type":"BreadcrumbList","@id":"https:\/\/www.ifm-motorsport.de\/start\/6-rallyesprint-hof-18-09-2016\/#breadcrumb","itemListElement":[{"@type":"ListItem","position":1,"name":"Home","item":"https:\/\/www.ifm-motorsport.de\/start\/"},{"@type":"ListItem","position":2,"name":"6. Rallyesprint Hof 18.09.2016"}]},{"@type":"WebSite","@id":"https:\/\/www.ifm-motorsport.de\/start\/#website","url":"https:\/\/www.ifm-motorsport.de\/start\/","name":"IFM-Motorsport.de","description":"","potentialAction":[{"@type":"SearchAction","target":{"@type":"EntryPoint","urlTemplate":"https:\/\/www.ifm-motorsport.de\/start\/?s={search_term_string}"},"query-input":"required name=search_term_string"}],"inLanguage":"de"},{"@type":"Person","@id":"https:\/\/www.ifm-motorsport.de\/start\/#\/schema\/person\/eff8cb1eeb947fc2be384f468211b0fb","name":"admin","image":{"@type":"ImageObject","inLanguage":"de","@id":"https:\/\/www.ifm-motorsport.de\/start\/#\/schema\/person\/image\/","url":"https:\/\/secure.gravatar.com\/avatar\/d2e5ceb10b271dc096153cf6d0afa206?s=96&d=mm&r=g","contentUrl":"https:\/\/secure.gravatar.com\/avatar\/d2e5ceb10b271dc096153cf6d0afa206?s=96&d=mm&r=g","caption":"admin"},"url":"https:\/\/www.ifm-motorsport.de\/start\/author\/admin\/"}]}},"jetpack_featured_media_url":"https:\/\/www.ifm-motorsport.de\/start\/wp-content\/uploads\/2016\/09\/Hof-Thomas-Gorlt.jpg","jetpack_sharing_enabled":true,"_links":{"self":[{"href":"https:\/\/www.ifm-motorsport.de\/start\/wp-json\/wp\/v2\/posts\/430"}],"collection":[{"href":"https:\/\/www.ifm-motorsport.de\/start\/wp-json\/wp\/v2\/posts"}],"about":[{"href":"https:\/\/www.ifm-motorsport.de\/start\/wp-json\/wp\/v2\/types\/post"}],"author":[{"embeddable":true,"href":"https:\/\/www.ifm-motorsport.de\/start\/wp-json\/wp\/v2\/users\/1"}],"replies":[{"embeddable":true,"href":"https:\/\/www.ifm-motorsport.de\/start\/wp-json\/wp\/v2\/comments?post=430"}],"version-history":[{"count":9,"href":"https:\/\/www.ifm-motorsport.de\/start\/wp-json\/wp\/v2\/posts\/430\/revisions"}],"predecessor-version":[{"id":652,"href":"https:\/\/www.ifm-motorsport.de\/start\/wp-json\/wp\/v2\/posts\/430\/revisions\/652"}],"wp:featuredmedia":[{"embeddable":true,"href":"https:\/\/www.ifm-motorsport.de\/start\/wp-json\/wp\/v2\/media\/431"}],"wp:attachment":[{"href":"https:\/\/www.ifm-motorsport.de\/start\/wp-json\/wp\/v2\/media?parent=430"}],"wp:term":[{"taxonomy":"category","embeddable":true,"href":"https:\/\/www.ifm-motorsport.de\/start\/wp-json\/wp\/v2\/categories?post=430"},{"taxonomy":"post_tag","embeddable":true,"href":"https:\/\/www.ifm-motorsport.de\/start\/wp-json\/wp\/v2\/tags?post=430"}],"curies":[{"name":"wp","href":"https:\/\/api.w.org\/{rel}","templated":true}]}}