{"id":787,"date":"2017-03-12T23:35:14","date_gmt":"2017-03-12T22:35:14","guid":{"rendered":"http:\/\/www.ifm-motorsport.de\/start\/?p=787"},"modified":"2017-05-22T21:35:41","modified_gmt":"2017-05-22T19:35:41","slug":"werra-meissner-rallye-11-03-2017","status":"publish","type":"post","link":"https:\/\/www.ifm-motorsport.de\/start\/werra-meissner-rallye-11-03-2017\/","title":{"rendered":"Werra-Mei\u00dfner Rallye 11.03.2017"},"content":{"rendered":"<p style=\"text-align: justify;\">Klassensieg, bester Nicht-Allradler und Gesamtrang 5 von 31 Startern. Ein guter Start in die Saison 2017!<\/p>\n<p style=\"text-align: justify;\">Nachdem sich der ehemalige 328i \u00fcber den Winter in einen BMW M3 verwandelt hat, war unsere Strategie grunds\u00e4tzlich, die erste Rallye der Saison ruhig und besonnen anzugehen, um sich erst einmal an den deutlich potenteren Antrieb gew\u00f6hnen zu k\u00f6nnen.<\/p>\n<p style=\"text-align: justify;\">Die Tatsache, dass wir dann vor Ort \u00fcberraschend trockene Streckenbedingungen vorfanden, aber lediglich reinrassige Regenreifen mit starkem Profil in supersofter Mischung dabei hatten, erh\u00f6hte die Wahrscheinlichkeit auf ein gutes Ergebnis zudem auch nicht unbedingt. Bremsprobleme bereits ab WP1 taten dann noch ihr \u00dcbriges.\u00a0Aber Rallyefahren bedeutet eben auch, das jeweils Beste aus den vorherrschenden Bedingungen zu machen &#8211; egal wie sie nun einmal sind.<\/p>\n<p style=\"text-align: justify;\">Nachdem WP1 und 2 noch etwas unrund liefen, stellte sich ab WP3 schon langsam ein gutes Gef\u00fchl ein. Das Vertrauen ins Auto wuchs, das Fahrgef\u00fchl wurde immer besser, mit der schlecht ansprechenden Bremse arrangierte man sich, die Fahrfreude stieg, die urspr\u00fcnglich profilierten Regenreifen verwandelten sich\u00a0nach und nach zu Semi-Slicks und die Zeiten purzelten. Auf den letzten WPs hatten wir uns dann bereits so eingeschossen und einen solchen Fahrspa\u00df, dass wir im Ziel gar nicht mehr aussteigen wollten!\u00a0Der neue Motor verwandelt das Auto in seinem Charakter komplett und er\u00f6ffnet nun fahrdynamisch v\u00f6llig neue M\u00f6glichkeiten.<\/p>\n<p style=\"text-align: justify;\">Mangels Online-Zeiten, erfuhren wir erst im Ziel, dass wir durch Ausf\u00e4lle anderer Teams und unseres kontinuierlich steigenden Tempos letztlich als bestes zweiradgetriebenes Fahrzeug -umzingelt von Allrad Mitsubishi EVOs- angekommen sind und uns so auch den Sieg in der neuen Klasse 4 sichern konnten. &#8211; Auf Regenreifen bei fast vollst\u00e4ndiger Trockenheit!<\/p>\n<p style=\"text-align: justify;\">Mit diesem Ergebnis gleich zu Beginn der Saison, sind wir nat\u00fcrlich sehr zufrieden. Nun gilt es, die Bremsprobleme zu beseitigen, noch ein paar Feinabstimmungen vorzunehmen und dann am 01.04.2017 am Start der Rallye Erzgebirge zu stehen.<\/p>\n<p>&nbsp;<\/p>\n<p><a href=\"http:\/\/www.ifm-motorsport.de\/start\/wp-content\/uploads\/2017\/03\/17310349_1409783659061200_5288759438272038631_o.jpg\" target=\"_blank\"><img data-attachment-id=\"798\" data-permalink=\"https:\/\/www.ifm-motorsport.de\/start\/werra-meissner-rallye-11-03-2017\/17310349_1409783659061200_5288759438272038631_o\/\" data-orig-file=\"https:\/\/www.ifm-motorsport.de\/start\/wp-content\/uploads\/2017\/03\/17310349_1409783659061200_5288759438272038631_o.jpg\" data-orig-size=\"1800,1200\" data-comments-opened=\"0\" data-image-meta=\"{&quot;aperture&quot;:&quot;0&quot;,&quot;credit&quot;:&quot;&quot;,&quot;camera&quot;:&quot;&quot;,&quot;caption&quot;:&quot;&quot;,&quot;created_timestamp&quot;:&quot;0&quot;,&quot;copyright&quot;:&quot;&quot;,&quot;focal_length&quot;:&quot;0&quot;,&quot;iso&quot;:&quot;0&quot;,&quot;shutter_speed&quot;:&quot;0&quot;,&quot;title&quot;:&quot;&quot;,&quot;orientation&quot;:&quot;0&quot;}\" data-image-title=\"Werra-Mei\u00dfner 2017 Nick Heilborn BMW M3\" data-image-description=\"&lt;p&gt;Werra-Mei\u00dfner 2017 Nick Heilborn BMW M3 &lt;\/p&gt;\n\" data-image-caption=\"\" data-medium-file=\"https:\/\/www.ifm-motorsport.de\/start\/wp-content\/uploads\/2017\/03\/17310349_1409783659061200_5288759438272038631_o-300x200.jpg\" data-large-file=\"https:\/\/www.ifm-motorsport.de\/start\/wp-content\/uploads\/2017\/03\/17310349_1409783659061200_5288759438272038631_o-1024x683.jpg\" decoding=\"async\" loading=\"lazy\" class=\"aligncenter wp-image-798 size-medium\" src=\"http:\/\/www.ifm-motorsport.de\/start\/wp-content\/uploads\/2017\/03\/17310349_1409783659061200_5288759438272038631_o-300x200.jpg\" alt=\"Werra-Mei\u00dfner 2017 Nick Heilborn BMW M3\" width=\"300\" height=\"200\" srcset=\"https:\/\/www.ifm-motorsport.de\/start\/wp-content\/uploads\/2017\/03\/17310349_1409783659061200_5288759438272038631_o-300x200.jpg 300w, https:\/\/www.ifm-motorsport.de\/start\/wp-content\/uploads\/2017\/03\/17310349_1409783659061200_5288759438272038631_o-768x512.jpg 768w, https:\/\/www.ifm-motorsport.de\/start\/wp-content\/uploads\/2017\/03\/17310349_1409783659061200_5288759438272038631_o-1024x683.jpg 1024w, https:\/\/www.ifm-motorsport.de\/start\/wp-content\/uploads\/2017\/03\/17310349_1409783659061200_5288759438272038631_o-640x427.jpg 640w, https:\/\/www.ifm-motorsport.de\/start\/wp-content\/uploads\/2017\/03\/17310349_1409783659061200_5288759438272038631_o-1010x673.jpg 1010w, https:\/\/www.ifm-motorsport.de\/start\/wp-content\/uploads\/2017\/03\/17310349_1409783659061200_5288759438272038631_o.jpg 1800w\" sizes=\"(max-width: 300px) 100vw, 300px\" \/><\/a> <a href=\"http:\/\/www.ifm-motorsport.de\/start\/wp-content\/uploads\/2017\/03\/17218355_627627014114931_4595419502731664467_o.jpg\" target=\"_blank\"><img data-attachment-id=\"797\" data-permalink=\"https:\/\/www.ifm-motorsport.de\/start\/werra-meissner-rallye-11-03-2017\/17218355_627627014114931_4595419502731664467_o\/\" data-orig-file=\"https:\/\/www.ifm-motorsport.de\/start\/wp-content\/uploads\/2017\/03\/17218355_627627014114931_4595419502731664467_o.jpg\" data-orig-size=\"1024,678\" data-comments-opened=\"0\" data-image-meta=\"{&quot;aperture&quot;:&quot;0&quot;,&quot;credit&quot;:&quot;&quot;,&quot;camera&quot;:&quot;&quot;,&quot;caption&quot;:&quot;&quot;,&quot;created_timestamp&quot;:&quot;0&quot;,&quot;copyright&quot;:&quot;&quot;,&quot;focal_length&quot;:&quot;0&quot;,&quot;iso&quot;:&quot;0&quot;,&quot;shutter_speed&quot;:&quot;0&quot;,&quot;title&quot;:&quot;&quot;,&quot;orientation&quot;:&quot;0&quot;}\" data-image-title=\"Werra-Mei\u00dfner 2017 Nick Heilborn BMW M3\" data-image-description=\"&lt;p&gt;Werra-Mei\u00dfner 2017 Nick Heilborn BMW M3 &lt;\/p&gt;\n\" data-image-caption=\"\" data-medium-file=\"https:\/\/www.ifm-motorsport.de\/start\/wp-content\/uploads\/2017\/03\/17218355_627627014114931_4595419502731664467_o-300x199.jpg\" data-large-file=\"https:\/\/www.ifm-motorsport.de\/start\/wp-content\/uploads\/2017\/03\/17218355_627627014114931_4595419502731664467_o-1024x678.jpg\" decoding=\"async\" loading=\"lazy\" class=\"aligncenter wp-image-797 size-medium\" src=\"http:\/\/www.ifm-motorsport.de\/start\/wp-content\/uploads\/2017\/03\/17218355_627627014114931_4595419502731664467_o-300x199.jpg\" alt=\"Werra-Mei\u00dfner 2017 Nick Heilborn BMW M3\" width=\"300\" height=\"199\" srcset=\"https:\/\/www.ifm-motorsport.de\/start\/wp-content\/uploads\/2017\/03\/17218355_627627014114931_4595419502731664467_o-300x199.jpg 300w, https:\/\/www.ifm-motorsport.de\/start\/wp-content\/uploads\/2017\/03\/17218355_627627014114931_4595419502731664467_o-768x509.jpg 768w, https:\/\/www.ifm-motorsport.de\/start\/wp-content\/uploads\/2017\/03\/17218355_627627014114931_4595419502731664467_o.jpg 1024w, https:\/\/www.ifm-motorsport.de\/start\/wp-content\/uploads\/2017\/03\/17218355_627627014114931_4595419502731664467_o-640x424.jpg 640w, https:\/\/www.ifm-motorsport.de\/start\/wp-content\/uploads\/2017\/03\/17218355_627627014114931_4595419502731664467_o-1010x669.jpg 1010w\" sizes=\"(max-width: 300px) 100vw, 300px\" \/><\/a> <a href=\"http:\/\/www.ifm-motorsport.de\/start\/wp-content\/uploads\/2017\/03\/17192175_627803994097233_580631743408402495_o.jpg\" target=\"_blank\"><img data-attachment-id=\"796\" data-permalink=\"https:\/\/www.ifm-motorsport.de\/start\/werra-meissner-rallye-11-03-2017\/17192175_627803994097233_580631743408402495_o\/\" data-orig-file=\"https:\/\/www.ifm-motorsport.de\/start\/wp-content\/uploads\/2017\/03\/17192175_627803994097233_580631743408402495_o.jpg\" data-orig-size=\"1024,678\" data-comments-opened=\"0\" data-image-meta=\"{&quot;aperture&quot;:&quot;0&quot;,&quot;credit&quot;:&quot;&quot;,&quot;camera&quot;:&quot;&quot;,&quot;caption&quot;:&quot;&quot;,&quot;created_timestamp&quot;:&quot;0&quot;,&quot;copyright&quot;:&quot;&quot;,&quot;focal_length&quot;:&quot;0&quot;,&quot;iso&quot;:&quot;0&quot;,&quot;shutter_speed&quot;:&quot;0&quot;,&quot;title&quot;:&quot;&quot;,&quot;orientation&quot;:&quot;0&quot;}\" data-image-title=\"Werra-Mei\u00dfner 2017 Nick Heilborn BMW M3\" data-image-description=\"&lt;p&gt;Werra-Mei\u00dfner 2017 Nick Heilborn BMW M3 ifm-motorsport.de&lt;\/p&gt;\n\" data-image-caption=\"&lt;p&gt;Werra-Mei\u00dfner Rallye 2017 Heilborn\/Melde M3&lt;\/p&gt;\n\" data-medium-file=\"https:\/\/www.ifm-motorsport.de\/start\/wp-content\/uploads\/2017\/03\/17192175_627803994097233_580631743408402495_o-300x199.jpg\" data-large-file=\"https:\/\/www.ifm-motorsport.de\/start\/wp-content\/uploads\/2017\/03\/17192175_627803994097233_580631743408402495_o-1024x678.jpg\" decoding=\"async\" loading=\"lazy\" class=\"aligncenter wp-image-796 size-medium\" src=\"http:\/\/www.ifm-motorsport.de\/start\/wp-content\/uploads\/2017\/03\/17192175_627803994097233_580631743408402495_o-300x199.jpg\" alt=\"Werra-Mei\u00dfner 2017 Nick Heilborn BMW M3\" width=\"300\" height=\"199\" srcset=\"https:\/\/www.ifm-motorsport.de\/start\/wp-content\/uploads\/2017\/03\/17192175_627803994097233_580631743408402495_o-300x199.jpg 300w, https:\/\/www.ifm-motorsport.de\/start\/wp-content\/uploads\/2017\/03\/17192175_627803994097233_580631743408402495_o-768x509.jpg 768w, https:\/\/www.ifm-motorsport.de\/start\/wp-content\/uploads\/2017\/03\/17192175_627803994097233_580631743408402495_o.jpg 1024w, https:\/\/www.ifm-motorsport.de\/start\/wp-content\/uploads\/2017\/03\/17192175_627803994097233_580631743408402495_o-640x424.jpg 640w, https:\/\/www.ifm-motorsport.de\/start\/wp-content\/uploads\/2017\/03\/17192175_627803994097233_580631743408402495_o-1010x669.jpg 1010w\" sizes=\"(max-width: 300px) 100vw, 300px\" \/><\/a> <a href=\"http:\/\/www.ifm-motorsport.de\/start\/wp-content\/uploads\/2017\/03\/2017WMR-142-RLaudemann.jpg\" target=\"_blank\"><img data-attachment-id=\"795\" data-permalink=\"https:\/\/www.ifm-motorsport.de\/start\/werra-meissner-rallye-11-03-2017\/2017wmr-142-rlaudemann\/\" data-orig-file=\"https:\/\/www.ifm-motorsport.de\/start\/wp-content\/uploads\/2017\/03\/2017WMR-142-RLaudemann.jpg\" data-orig-size=\"1170,780\" data-comments-opened=\"0\" data-image-meta=\"{&quot;aperture&quot;:&quot;0&quot;,&quot;credit&quot;:&quot;&quot;,&quot;camera&quot;:&quot;&quot;,&quot;caption&quot;:&quot;&quot;,&quot;created_timestamp&quot;:&quot;0&quot;,&quot;copyright&quot;:&quot;&quot;,&quot;focal_length&quot;:&quot;0&quot;,&quot;iso&quot;:&quot;0&quot;,&quot;shutter_speed&quot;:&quot;0&quot;,&quot;title&quot;:&quot;&quot;,&quot;orientation&quot;:&quot;0&quot;}\" data-image-title=\"Werra-Mei\u00dfner 2017 Nick Heilborn BMW M3\" data-image-description=\"&lt;p&gt;Werra-Mei\u00dfner 2017 Nick Heilborn BMW M3 &lt;\/p&gt;\n\" data-image-caption=\"\" data-medium-file=\"https:\/\/www.ifm-motorsport.de\/start\/wp-content\/uploads\/2017\/03\/2017WMR-142-RLaudemann-300x200.jpg\" data-large-file=\"https:\/\/www.ifm-motorsport.de\/start\/wp-content\/uploads\/2017\/03\/2017WMR-142-RLaudemann-1024x683.jpg\" decoding=\"async\" loading=\"lazy\" class=\"aligncenter wp-image-795 size-medium\" src=\"http:\/\/www.ifm-motorsport.de\/start\/wp-content\/uploads\/2017\/03\/2017WMR-142-RLaudemann-300x200.jpg\" alt=\"Werra-Mei\u00dfner 2017 Nick Heilborn BMW M3\" width=\"300\" height=\"200\" srcset=\"https:\/\/www.ifm-motorsport.de\/start\/wp-content\/uploads\/2017\/03\/2017WMR-142-RLaudemann-300x200.jpg 300w, https:\/\/www.ifm-motorsport.de\/start\/wp-content\/uploads\/2017\/03\/2017WMR-142-RLaudemann-768x512.jpg 768w, https:\/\/www.ifm-motorsport.de\/start\/wp-content\/uploads\/2017\/03\/2017WMR-142-RLaudemann-1024x683.jpg 1024w, https:\/\/www.ifm-motorsport.de\/start\/wp-content\/uploads\/2017\/03\/2017WMR-142-RLaudemann-640x427.jpg 640w, https:\/\/www.ifm-motorsport.de\/start\/wp-content\/uploads\/2017\/03\/2017WMR-142-RLaudemann-1010x673.jpg 1010w, https:\/\/www.ifm-motorsport.de\/start\/wp-content\/uploads\/2017\/03\/2017WMR-142-RLaudemann.jpg 1170w\" sizes=\"(max-width: 300px) 100vw, 300px\" \/><\/a> <a href=\"http:\/\/www.ifm-motorsport.de\/start\/wp-content\/uploads\/2017\/03\/17157560_997595153707522_4614032947737396204_o.jpg\" target=\"_blank\"><img data-attachment-id=\"794\" data-permalink=\"https:\/\/www.ifm-motorsport.de\/start\/werra-meissner-rallye-11-03-2017\/17157560_997595153707522_4614032947737396204_o\/\" data-orig-file=\"https:\/\/www.ifm-motorsport.de\/start\/wp-content\/uploads\/2017\/03\/17157560_997595153707522_4614032947737396204_o.jpg\" data-orig-size=\"1024,768\" data-comments-opened=\"0\" data-image-meta=\"{&quot;aperture&quot;:&quot;0&quot;,&quot;credit&quot;:&quot;&quot;,&quot;camera&quot;:&quot;&quot;,&quot;caption&quot;:&quot;&quot;,&quot;created_timestamp&quot;:&quot;0&quot;,&quot;copyright&quot;:&quot;&quot;,&quot;focal_length&quot;:&quot;0&quot;,&quot;iso&quot;:&quot;0&quot;,&quot;shutter_speed&quot;:&quot;0&quot;,&quot;title&quot;:&quot;&quot;,&quot;orientation&quot;:&quot;0&quot;}\" data-image-title=\"Werra-Mei\u00dfner 2017 Nick Heilborn BMW M3\" data-image-description=\"&lt;p&gt;Werra-Mei\u00dfner 2017 Nick Heilborn BMW M3 &lt;\/p&gt;\n\" data-image-caption=\"\" data-medium-file=\"https:\/\/www.ifm-motorsport.de\/start\/wp-content\/uploads\/2017\/03\/17157560_997595153707522_4614032947737396204_o-300x225.jpg\" data-large-file=\"https:\/\/www.ifm-motorsport.de\/start\/wp-content\/uploads\/2017\/03\/17157560_997595153707522_4614032947737396204_o-1024x768.jpg\" decoding=\"async\" loading=\"lazy\" class=\"aligncenter wp-image-794 size-medium\" src=\"http:\/\/www.ifm-motorsport.de\/start\/wp-content\/uploads\/2017\/03\/17157560_997595153707522_4614032947737396204_o-300x225.jpg\" alt=\"Werra-Mei\u00dfner 2017 Nick Heilborn BMW M3\" width=\"300\" height=\"225\" srcset=\"https:\/\/www.ifm-motorsport.de\/start\/wp-content\/uploads\/2017\/03\/17157560_997595153707522_4614032947737396204_o-300x225.jpg 300w, https:\/\/www.ifm-motorsport.de\/start\/wp-content\/uploads\/2017\/03\/17157560_997595153707522_4614032947737396204_o-768x576.jpg 768w, https:\/\/www.ifm-motorsport.de\/start\/wp-content\/uploads\/2017\/03\/17157560_997595153707522_4614032947737396204_o.jpg 1024w, https:\/\/www.ifm-motorsport.de\/start\/wp-content\/uploads\/2017\/03\/17157560_997595153707522_4614032947737396204_o-640x480.jpg 640w, https:\/\/www.ifm-motorsport.de\/start\/wp-content\/uploads\/2017\/03\/17157560_997595153707522_4614032947737396204_o-1010x758.jpg 1010w\" sizes=\"(max-width: 300px) 100vw, 300px\" \/><\/a><a href=\"http:\/\/www.ifm-motorsport.de\/start\/wp-content\/uploads\/2017\/03\/17240248_1971418593092394_4675467417859814401_o.jpg\"><img data-attachment-id=\"818\" data-permalink=\"https:\/\/www.ifm-motorsport.de\/start\/werra-meissner-rallye-11-03-2017\/17240248_1971418593092394_4675467417859814401_o\/\" data-orig-file=\"https:\/\/www.ifm-motorsport.de\/start\/wp-content\/uploads\/2017\/03\/17240248_1971418593092394_4675467417859814401_o.jpg\" data-orig-size=\"1280,720\" data-comments-opened=\"0\" data-image-meta=\"{&quot;aperture&quot;:&quot;0&quot;,&quot;credit&quot;:&quot;&quot;,&quot;camera&quot;:&quot;&quot;,&quot;caption&quot;:&quot;&quot;,&quot;created_timestamp&quot;:&quot;0&quot;,&quot;copyright&quot;:&quot;&quot;,&quot;focal_length&quot;:&quot;0&quot;,&quot;iso&quot;:&quot;0&quot;,&quot;shutter_speed&quot;:&quot;0&quot;,&quot;title&quot;:&quot;&quot;,&quot;orientation&quot;:&quot;0&quot;}\" data-image-title=\"Werra-Mei\u00dfner Rallye 2017 Heilborn\/Melde M3\" data-image-description=\"&lt;p&gt;Werra-Mei\u00dfner Rallye 2017 Heilborn\/Melde M3 ifm-motorsport.de&lt;\/p&gt;\n\" data-image-caption=\"&lt;p&gt;Werra-Mei\u00dfner Rallye 2017 Heilborn\/Melde M3&lt;\/p&gt;\n\" data-medium-file=\"https:\/\/www.ifm-motorsport.de\/start\/wp-content\/uploads\/2017\/03\/17240248_1971418593092394_4675467417859814401_o-300x169.jpg\" data-large-file=\"https:\/\/www.ifm-motorsport.de\/start\/wp-content\/uploads\/2017\/03\/17240248_1971418593092394_4675467417859814401_o-1024x576.jpg\" decoding=\"async\" loading=\"lazy\" class=\"aligncenter wp-image-818 size-medium\" src=\"http:\/\/www.ifm-motorsport.de\/start\/wp-content\/uploads\/2017\/03\/17240248_1971418593092394_4675467417859814401_o-300x169.jpg\" alt=\"Werra-Mei\u00dfner Rallye 2017 Heilborn\/Melde M3\" width=\"300\" height=\"169\" srcset=\"https:\/\/www.ifm-motorsport.de\/start\/wp-content\/uploads\/2017\/03\/17240248_1971418593092394_4675467417859814401_o-300x169.jpg 300w, https:\/\/www.ifm-motorsport.de\/start\/wp-content\/uploads\/2017\/03\/17240248_1971418593092394_4675467417859814401_o-768x432.jpg 768w, https:\/\/www.ifm-motorsport.de\/start\/wp-content\/uploads\/2017\/03\/17240248_1971418593092394_4675467417859814401_o-1024x576.jpg 1024w, https:\/\/www.ifm-motorsport.de\/start\/wp-content\/uploads\/2017\/03\/17240248_1971418593092394_4675467417859814401_o-640x360.jpg 640w, https:\/\/www.ifm-motorsport.de\/start\/wp-content\/uploads\/2017\/03\/17240248_1971418593092394_4675467417859814401_o-1010x568.jpg 1010w, https:\/\/www.ifm-motorsport.de\/start\/wp-content\/uploads\/2017\/03\/17240248_1971418593092394_4675467417859814401_o.jpg 1280w\" sizes=\"(max-width: 300px) 100vw, 300px\" \/><\/a><\/p>\n","protected":false},"excerpt":{"rendered":"<p>Klassensieg, bester Nicht-Allradler und Gesamtrang 5 von 31 Startern. Ein guter Start in die Saison 2017! Nachdem sich der ehemalige 328i \u00fcber den Winter in einen BMW M3 verwandelt hat, war unsere Strategie grunds\u00e4tzlich, die erste Rallye der Saison ruhig und besonnen anzugehen, um sich erst einmal an den deutlich potenteren Antrieb gew\u00f6hnen zu k\u00f6nnen. [&hellip;]<\/p>\n","protected":false},"author":1,"featured_media":798,"comment_status":"closed","ping_status":"open","sticky":false,"template":"","format":"standard","meta":[],"categories":[9,5],"tags":[4],"yoast_head":"<!-- This site is optimized with the Yoast SEO plugin v21.8.1 - https:\/\/yoast.com\/wordpress\/plugins\/seo\/ -->\n<title>Werra-Mei\u00dfner Rallye 11.03.2017 - IFM-Motorsport.de<\/title>\n<meta name=\"description\" content=\"nick heilborn rallye ihr-finanzfachmann.de\" \/>\n<meta name=\"robots\" content=\"index, follow, max-snippet:-1, max-image-preview:large, max-video-preview:-1\" \/>\n<link rel=\"canonical\" href=\"https:\/\/www.ifm-motorsport.de\/start\/werra-meissner-rallye-11-03-2017\/\" \/>\n<meta property=\"og:locale\" content=\"de_DE\" \/>\n<meta property=\"og:type\" content=\"article\" \/>\n<meta property=\"og:title\" content=\"Werra-Mei\u00dfner Rallye 11.03.2017 - IFM-Motorsport.de\" \/>\n<meta property=\"og:description\" content=\"nick heilborn rallye ihr-finanzfachmann.de\" \/>\n<meta property=\"og:url\" content=\"https:\/\/www.ifm-motorsport.de\/start\/werra-meissner-rallye-11-03-2017\/\" \/>\n<meta property=\"og:site_name\" content=\"IFM-Motorsport.de\" \/>\n<meta property=\"article:publisher\" content=\"https:\/\/www.facebook.com\/Vermoegensberatung.Hermsdorf\" \/>\n<meta property=\"article:published_time\" content=\"2017-03-12T22:35:14+00:00\" \/>\n<meta property=\"article:modified_time\" content=\"2017-05-22T19:35:41+00:00\" \/>\n<meta property=\"og:image\" content=\"https:\/\/www.ifm-motorsport.de\/start\/wp-content\/uploads\/2017\/03\/17310349_1409783659061200_5288759438272038631_o.jpg\" \/>\n\t<meta property=\"og:image:width\" content=\"1800\" \/>\n\t<meta property=\"og:image:height\" content=\"1200\" \/>\n\t<meta property=\"og:image:type\" content=\"image\/jpeg\" \/>\n<meta name=\"author\" content=\"admin\" \/>\n<meta name=\"twitter:card\" content=\"summary_large_image\" \/>\n<meta name=\"twitter:label1\" content=\"Verfasst von\" \/>\n\t<meta name=\"twitter:data1\" content=\"admin\" \/>\n\t<meta name=\"twitter:label2\" content=\"Gesch\u00e4tzte Lesezeit\" \/>\n\t<meta name=\"twitter:data2\" content=\"2\u00a0Minuten\" \/>\n<script type=\"application\/ld+json\" class=\"yoast-schema-graph\">{\"@context\":\"https:\/\/schema.org\",\"@graph\":[{\"@type\":\"WebPage\",\"@id\":\"https:\/\/www.ifm-motorsport.de\/start\/werra-meissner-rallye-11-03-2017\/\",\"url\":\"https:\/\/www.ifm-motorsport.de\/start\/werra-meissner-rallye-11-03-2017\/\",\"name\":\"Werra-Mei\u00dfner Rallye 11.03.2017 - IFM-Motorsport.de\",\"isPartOf\":{\"@id\":\"https:\/\/www.ifm-motorsport.de\/start\/#website\"},\"datePublished\":\"2017-03-12T22:35:14+00:00\",\"dateModified\":\"2017-05-22T19:35:41+00:00\",\"author\":{\"@id\":\"https:\/\/www.ifm-motorsport.de\/start\/#\/schema\/person\/eff8cb1eeb947fc2be384f468211b0fb\"},\"description\":\"nick heilborn rallye ihr-finanzfachmann.de\",\"breadcrumb\":{\"@id\":\"https:\/\/www.ifm-motorsport.de\/start\/werra-meissner-rallye-11-03-2017\/#breadcrumb\"},\"inLanguage\":\"de\",\"potentialAction\":[{\"@type\":\"ReadAction\",\"target\":[\"https:\/\/www.ifm-motorsport.de\/start\/werra-meissner-rallye-11-03-2017\/\"]}]},{\"@type\":\"BreadcrumbList\",\"@id\":\"https:\/\/www.ifm-motorsport.de\/start\/werra-meissner-rallye-11-03-2017\/#breadcrumb\",\"itemListElement\":[{\"@type\":\"ListItem\",\"position\":1,\"name\":\"Home\",\"item\":\"https:\/\/www.ifm-motorsport.de\/start\/\"},{\"@type\":\"ListItem\",\"position\":2,\"name\":\"Werra-Mei\u00dfner Rallye 11.03.2017\"}]},{\"@type\":\"WebSite\",\"@id\":\"https:\/\/www.ifm-motorsport.de\/start\/#website\",\"url\":\"https:\/\/www.ifm-motorsport.de\/start\/\",\"name\":\"IFM-Motorsport.de\",\"description\":\"\",\"potentialAction\":[{\"@type\":\"SearchAction\",\"target\":{\"@type\":\"EntryPoint\",\"urlTemplate\":\"https:\/\/www.ifm-motorsport.de\/start\/?s={search_term_string}\"},\"query-input\":\"required name=search_term_string\"}],\"inLanguage\":\"de\"},{\"@type\":\"Person\",\"@id\":\"https:\/\/www.ifm-motorsport.de\/start\/#\/schema\/person\/eff8cb1eeb947fc2be384f468211b0fb\",\"name\":\"admin\",\"image\":{\"@type\":\"ImageObject\",\"inLanguage\":\"de\",\"@id\":\"https:\/\/www.ifm-motorsport.de\/start\/#\/schema\/person\/image\/\",\"url\":\"https:\/\/secure.gravatar.com\/avatar\/d2e5ceb10b271dc096153cf6d0afa206?s=96&d=mm&r=g\",\"contentUrl\":\"https:\/\/secure.gravatar.com\/avatar\/d2e5ceb10b271dc096153cf6d0afa206?s=96&d=mm&r=g\",\"caption\":\"admin\"},\"url\":\"https:\/\/www.ifm-motorsport.de\/start\/author\/admin\/\"}]}<\/script>\n<!-- \/ Yoast SEO plugin. -->","yoast_head_json":{"title":"Werra-Mei\u00dfner Rallye 11.03.2017 - IFM-Motorsport.de","description":"nick heilborn rallye ihr-finanzfachmann.de","robots":{"index":"index","follow":"follow","max-snippet":"max-snippet:-1","max-image-preview":"max-image-preview:large","max-video-preview":"max-video-preview:-1"},"canonical":"https:\/\/www.ifm-motorsport.de\/start\/werra-meissner-rallye-11-03-2017\/","og_locale":"de_DE","og_type":"article","og_title":"Werra-Mei\u00dfner Rallye 11.03.2017 - IFM-Motorsport.de","og_description":"nick heilborn rallye ihr-finanzfachmann.de","og_url":"https:\/\/www.ifm-motorsport.de\/start\/werra-meissner-rallye-11-03-2017\/","og_site_name":"IFM-Motorsport.de","article_publisher":"https:\/\/www.facebook.com\/Vermoegensberatung.Hermsdorf","article_published_time":"2017-03-12T22:35:14+00:00","article_modified_time":"2017-05-22T19:35:41+00:00","og_image":[{"width":1800,"height":1200,"url":"https:\/\/www.ifm-motorsport.de\/start\/wp-content\/uploads\/2017\/03\/17310349_1409783659061200_5288759438272038631_o.jpg","type":"image\/jpeg"}],"author":"admin","twitter_card":"summary_large_image","twitter_misc":{"Verfasst von":"admin","Gesch\u00e4tzte Lesezeit":"2\u00a0Minuten"},"schema":{"@context":"https:\/\/schema.org","@graph":[{"@type":"WebPage","@id":"https:\/\/www.ifm-motorsport.de\/start\/werra-meissner-rallye-11-03-2017\/","url":"https:\/\/www.ifm-motorsport.de\/start\/werra-meissner-rallye-11-03-2017\/","name":"Werra-Mei\u00dfner Rallye 11.03.2017 - IFM-Motorsport.de","isPartOf":{"@id":"https:\/\/www.ifm-motorsport.de\/start\/#website"},"datePublished":"2017-03-12T22:35:14+00:00","dateModified":"2017-05-22T19:35:41+00:00","author":{"@id":"https:\/\/www.ifm-motorsport.de\/start\/#\/schema\/person\/eff8cb1eeb947fc2be384f468211b0fb"},"description":"nick heilborn rallye ihr-finanzfachmann.de","breadcrumb":{"@id":"https:\/\/www.ifm-motorsport.de\/start\/werra-meissner-rallye-11-03-2017\/#breadcrumb"},"inLanguage":"de","potentialAction":[{"@type":"ReadAction","target":["https:\/\/www.ifm-motorsport.de\/start\/werra-meissner-rallye-11-03-2017\/"]}]},{"@type":"BreadcrumbList","@id":"https:\/\/www.ifm-motorsport.de\/start\/werra-meissner-rallye-11-03-2017\/#breadcrumb","itemListElement":[{"@type":"ListItem","position":1,"name":"Home","item":"https:\/\/www.ifm-motorsport.de\/start\/"},{"@type":"ListItem","position":2,"name":"Werra-Mei\u00dfner Rallye 11.03.2017"}]},{"@type":"WebSite","@id":"https:\/\/www.ifm-motorsport.de\/start\/#website","url":"https:\/\/www.ifm-motorsport.de\/start\/","name":"IFM-Motorsport.de","description":"","potentialAction":[{"@type":"SearchAction","target":{"@type":"EntryPoint","urlTemplate":"https:\/\/www.ifm-motorsport.de\/start\/?s={search_term_string}"},"query-input":"required name=search_term_string"}],"inLanguage":"de"},{"@type":"Person","@id":"https:\/\/www.ifm-motorsport.de\/start\/#\/schema\/person\/eff8cb1eeb947fc2be384f468211b0fb","name":"admin","image":{"@type":"ImageObject","inLanguage":"de","@id":"https:\/\/www.ifm-motorsport.de\/start\/#\/schema\/person\/image\/","url":"https:\/\/secure.gravatar.com\/avatar\/d2e5ceb10b271dc096153cf6d0afa206?s=96&d=mm&r=g","contentUrl":"https:\/\/secure.gravatar.com\/avatar\/d2e5ceb10b271dc096153cf6d0afa206?s=96&d=mm&r=g","caption":"admin"},"url":"https:\/\/www.ifm-motorsport.de\/start\/author\/admin\/"}]}},"jetpack_featured_media_url":"https:\/\/www.ifm-motorsport.de\/start\/wp-content\/uploads\/2017\/03\/17310349_1409783659061200_5288759438272038631_o.jpg","jetpack_sharing_enabled":true,"_links":{"self":[{"href":"https:\/\/www.ifm-motorsport.de\/start\/wp-json\/wp\/v2\/posts\/787"}],"collection":[{"href":"https:\/\/www.ifm-motorsport.de\/start\/wp-json\/wp\/v2\/posts"}],"about":[{"href":"https:\/\/www.ifm-motorsport.de\/start\/wp-json\/wp\/v2\/types\/post"}],"author":[{"embeddable":true,"href":"https:\/\/www.ifm-motorsport.de\/start\/wp-json\/wp\/v2\/users\/1"}],"replies":[{"embeddable":true,"href":"https:\/\/www.ifm-motorsport.de\/start\/wp-json\/wp\/v2\/comments?post=787"}],"version-history":[{"count":19,"href":"https:\/\/www.ifm-motorsport.de\/start\/wp-json\/wp\/v2\/posts\/787\/revisions"}],"predecessor-version":[{"id":825,"href":"https:\/\/www.ifm-motorsport.de\/start\/wp-json\/wp\/v2\/posts\/787\/revisions\/825"}],"wp:featuredmedia":[{"embeddable":true,"href":"https:\/\/www.ifm-motorsport.de\/start\/wp-json\/wp\/v2\/media\/798"}],"wp:attachment":[{"href":"https:\/\/www.ifm-motorsport.de\/start\/wp-json\/wp\/v2\/media?parent=787"}],"wp:term":[{"taxonomy":"category","embeddable":true,"href":"https:\/\/www.ifm-motorsport.de\/start\/wp-json\/wp\/v2\/categories?post=787"},{"taxonomy":"post_tag","embeddable":true,"href":"https:\/\/www.ifm-motorsport.de\/start\/wp-json\/wp\/v2\/tags?post=787"}],"curies":[{"name":"wp","href":"https:\/\/api.w.org\/{rel}","templated":true}]}}